{"id":2707,"date":"2025-05-07T06:31:00","date_gmt":"2025-05-07T04:31:00","guid":{"rendered":"https:\/\/cabinet-renaisens.fr\/?p=2707"},"modified":"2025-05-06T17:38:03","modified_gmt":"2025-05-06T15:38:03","slug":"les-emotions-4-la-recette-du-bien-etre-emotionnel","status":"publish","type":"post","link":"https:\/\/cabinet-renaisens.fr\/index.php\/2025\/05\/07\/les-emotions-4-la-recette-du-bien-etre-emotionnel\/","title":{"rendered":"\ud83c\udf3f Les \u00e9motions #4: la recette du bien-\u00eatre \u00e9motionnel"},"content":{"rendered":"\n<h3 class=\"wp-block-heading\">Vos \u00e9motions : ennemies \u00e0 combattre ou alli\u00e9es \u00e0 apprivoiser ?<\/h3>\n\n\n\n<p>On nous a longtemps appris \u00e0 \u00ab g\u00e9rer nos \u00e9motions \u00bb comme on tiendrait \u00e0 distance un feu mal ma\u00eetris\u00e9. Et si, au contraire, nos \u00e9motions \u00e9taient <strong>des alli\u00e9es puissantes<\/strong>, capables de nous guider, de nous transformer, de nous reconnecter \u00e0 nous-m\u00eames et aux autres ?<\/p>\n\n\n\n<p>Bonne nouvelle : il n\u2019est pas n\u00e9cessaire de na\u00eetre avec un mode d\u2019emploi \u00e9motionnel. La <strong>comp\u00e9tence \u00e9motionnelle<\/strong>, cela s\u2019apprend,  se cultive, et  change une vie \u2014 personnelle <em>et<\/em> professionnelle.<\/p>\n\n\n\n<h3 class=\"wp-block-heading\">1. \ud83c\udf2c Accueillir ses \u00e9motions : le d\u00e9but de l\u2019\u00e9quilibre int\u00e9rieur<\/h3>\n\n\n\n<p>Premi\u00e8re \u00e9tape ? <strong>Cesser la lutte int\u00e9rieure.<\/strong> Une \u00e9motion, qu\u2019elle soit agr\u00e9able ou inconfortable, a quelque chose \u00e0 nous dire. L\u2019accueillir, c\u2019est lui donner la possibilit\u00e9 de livrer son message.<\/p>\n\n\n\n<p>\ud83d\udd0e <strong>L\u2019exemple de Paul <\/strong><br><em>Pendant des mois, Paul ressentait une anxi\u00e9t\u00e9 persistante chaque dimanche soir. Plut\u00f4t que de la repousser, il a commenc\u00e9 \u00e0 l\u2019\u00e9couter. Il a r\u00e9alis\u00e9 que son travail n\u2019\u00e9tait plus align\u00e9 avec ses valeurs. Cette prise de conscience l\u2019a men\u00e9 vers une reconversion r\u00e9ussie.<\/em><\/p>\n\n\n\n<p>\ud83d\udcca <strong>Le saviez-vous ?<\/strong><br>D\u00e9velopper son intelligence \u00e9motionnelle favorise la sant\u00e9 mentale, le bien-\u00eatre global et am\u00e9liore les performances professionnelles.<\/p>\n\n\n\n<h3 class=\"wp-block-heading\">2. \ud83d\udde3 Identifier et nommer : donner un nom \u00e0 ce que vous ressentez<\/h3>\n\n\n\n<p>\u00ab Je me sens mal \u00bb\u2026 Oui, mais encore ? Col\u00e8re ? Peur ? Tristesse ? Frustration ? <strong>Mettre un mot pr\u00e9cis sur votre \u00e9motion<\/strong>, c\u2019est comme allumer la lumi\u00e8re dans une pi\u00e8ce sombre.<\/p>\n\n\n\n<p>\ud83d\udca1 <strong>Astuce simple : le journal \u00e9motionnel<\/strong><br><em>Chaque soir, prenez deux minutes pour noter ce que vous avez ressenti dans la journ\u00e9e. Une \u00e9tude de l\u2019Universit\u00e9 de Californie r\u00e9v\u00e8le que cette pratique r\u00e9duit le stress de <strong>27 %<\/strong>.<\/em><\/p>\n\n\n\n<h3 class=\"wp-block-heading\">3. \ud83d\udcac Exprimer ses \u00e9motions sans exploser : la puissance de la CNV<\/h3>\n\n\n\n<p>Dire ce que l\u2019on ressent, oui\u2026 mais comment le faire sans blesser ou \u00eatre mal compris ? C\u2019est l\u00e0 que la <strong>Communication Non Violente (CNV)<\/strong> entre en sc\u00e8ne. Elle permet de <strong>parler vrai<\/strong>, tout en respectant l\u2019autre.<\/p>\n\n\n\n<p>\ud83d\udd0e <strong>L\u2019exemple de Claire <\/strong><br><em>Agac\u00e9e par les interruptions de son coll\u00e8gue, Claire a appris \u00e0 dire :<\/em><\/p>\n\n\n\n<blockquote class=\"wp-block-quote is-layout-flow wp-block-quote-is-layout-flow\">\n<p><em>\u00ab Quand tu m\u2019interromps en r\u00e9union, je me sens frustr\u00e9e, car j\u2019ai besoin de respect. Pourrais-tu attendre la fin de ma pr\u00e9sentation ? \u00bb<br>R\u00e9sultat ? Moins de tensions, plus de coop\u00e9ration.<\/em><\/p>\n<\/blockquote>\n\n\n\n<h3 class=\"wp-block-heading\">4. \ud83d\udc97 Prendre soin de soi : les piliers du bien-\u00eatre \u00e9motionnel<\/h3>\n\n\n\n<p>L\u2019\u00e9quilibre \u00e9motionnel ne repose pas que sur des prises de conscience. Il se nourrit aussi <strong>d\u2019habitudes concr\u00e8tes<\/strong>, faciles \u00e0 mettre en place au quotidien.<\/p>\n\n\n\n<p>\ud83e\uddd8\u200d\u2640\ufe0f <strong>M\u00e9ditation pleine conscience<\/strong><br><em>8 semaines de pratique suffisent \u00e0 r\u00e9duire l\u2019anxi\u00e9t\u00e9 de 40 % (Kabat-Zinn, 2017).<\/em><\/p>\n\n\n\n<p>\ud83d\udeb6\u200d\u2642\ufe0f <strong>Activit\u00e9 physique r\u00e9guli\u00e8re<\/strong><br><em>Elle stimule la production d\u2019endorphines, les fameuses hormones du bien-\u00eatre.<\/em><\/p>\n\n\n\n<p>\ud83d\ude4f <strong>Gratitude quotidienne<\/strong><br><em>Noter 3 choses positives chaque jour peut augmenter le bien-\u00eatre de <strong>25 %<\/strong> (Emmons &amp; McCullough, 2003).<\/em><\/p>\n\n\n\n<h3 class=\"wp-block-heading\">5. \ud83c\udf31 L\u2019accompagnement \u00e9motionnel : un levier puissant<\/h3>\n\n\n\n<p>\u00catre accompagn\u00e9(e), que ce soit en th\u00e9rapie, en coaching ou via des formations en intelligence \u00e9motionnelle, permet d\u2019acc\u00e9l\u00e9rer la transformation et de renforcer ses ressources internes.<\/p>\n\n\n\n<p>\ud83d\udcc8 <strong>Quelques chiffres cl\u00e9s :<\/strong><\/p>\n\n\n\n<ul class=\"wp-block-list\">\n<li>60 % des salari\u00e9s accompagn\u00e9s constatent une am\u00e9lioration significative de leur bien-\u00eatre.<\/li>\n\n\n\n<li>70 % am\u00e9liorent leur performance, 53 % leur productivit\u00e9.<\/li>\n\n\n\n<li>Les formations en intelligence \u00e9motionnelle r\u00e9duisent le turnover de 30 %.<\/li>\n<\/ul>\n\n\n\n<p>\ud83d\udd0e <strong>Exemple en entreprise<\/strong><br><em>Une soci\u00e9t\u00e9 ayant int\u00e9gr\u00e9 des formations en intelligence \u00e9motionnelle a vu le taux de rotation du personnel passer de <strong>27 % \u00e0 10 %<\/strong> en un an. 76 % des employ\u00e9s ont rapport\u00e9 un climat de travail nettement am\u00e9lior\u00e9.<\/em><\/p>\n\n\n\n<h3 class=\"wp-block-heading\">6. \ud83d\udea8 Les risques d\u2019un non-accompagnement<\/h3>\n\n\n\n<p>Ignorer ses \u00e9motions ou faire semblant qu\u2019elles n\u2019existent pas peut avoir des cons\u00e9quences lourdes :<\/p>\n\n\n\n<p>\u274c Stress chronique et anxi\u00e9t\u00e9<br>\u274c Conflits interpersonnels<br>\u274c Burn-out (31 % des salari\u00e9s l\u2019attribuent \u00e0 un manque de reconnaissance)<br>\u274c Absent\u00e9isme et d\u00e9sengagement<br>\u274c Perte d\u2019attractivit\u00e9 pour l\u2019entreprise<\/p>\n\n\n\n<p>\ud83d\udca1 Que vous soyez salari\u00e9, dirigeant ou ind\u00e9pendant, <strong>le co\u00fbt du non-accompagnement \u00e9motionnel est bien plus \u00e9lev\u00e9 que celui d\u2019un soutien cibl\u00e9 et pr\u00e9ventif.<\/strong><\/p>\n\n\n\n<h3 class=\"wp-block-heading\">\ud83c\udfaf Conclusion : Osez la paix \u00e9motionnelle<\/h3>\n\n\n\n<p>Faire la paix avec vos \u00e9motions, ce n\u2019est pas devenir invuln\u00e9rable. C\u2019est <strong>reconna\u00eetre vos fragilit\u00e9s<\/strong>, apprendre \u00e0 en faire des forces, et vous autoriser \u00e0 vivre pleinement.<\/p>\n\n\n\n<p>Au sein du<strong> Cabinet RENAI&rsquo;Sens<\/strong>, nous croyons que vos \u00e9motions ne sont pas un frein, mais <strong>un moteur puissant de transformation<\/strong>. En tant que psychologue et coach, je vous accompagne pour qu\u2019elles deviennent vos meilleures alli\u00e9es, dans votre vie professionnelle comme personnelle.<\/p>\n\n\n\n<p>\ud83e\udd1d <strong>Et si on en parlait ensemble ?<\/strong><br>Je vous propose un <strong><a href=\"https:\/\/calendly.com\/contact-cabinet-renaisens\/rdv-decouverte-30-minutes-telephone-ou-visio?month=2025-04\" target=\"_blank\" rel=\"noopener\" title=\"\">entretien d\u00e9couverte de 30 minutes offert<\/a><\/strong>, pour faire le point sur vos besoins, vos ressentis, et voir comment un accompagnement peut vous aider \u00e0 :<\/p>\n\n\n\n<ul class=\"wp-block-list\">\n<li>retrouver de la clart\u00e9 \u00e9motionnelle,<\/li>\n\n\n\n<li>apaiser le stress ou la surcharge mentale,<\/li>\n\n\n\n<li>renforcer vos ressources int\u00e9rieures,<\/li>\n\n\n\n<li>et (re)donner du sens \u00e0 ce que vous vivez, au travail comme dans votre vie personnelle.<\/li>\n<\/ul>\n\n\n\n<p>\ud83d\udce9 <strong>Pour r\u00e9server votre \u00e9change gratuit<\/strong>, c\u2019est simple :<br>\ud83d\udc49 <a href=\"https:\/\/calendly.com\/contact-cabinet-renaisens\/rdv-decouverte-30-minutes-telephone-ou-visio?month=2025-04\" target=\"_blank\" rel=\"noopener\" title=\"\">Cliquez ici<\/a> ou \u00e9crivez-moi via ce <a href=\"https:\/\/share.hsforms.com\/1NZRXIhhzQ_qp9qJSd3KPLAt0uwq\" target=\"_blank\" rel=\"noopener\" title=\"\">formulaire.<\/a><\/p>\n\n\n\n<p>\ud83d\udcda <strong>Bibliographie<\/strong><\/p>\n\n\n\n<ul class=\"wp-block-list\">\n<li><em>Intelligence \u00e9motionnelle : la gestion des \u00e9motions<\/em>, LaPsychologiePositive.fr, 2024<\/li>\n\n\n\n<li><em>L\u2019impact des \u00e9motions des employ\u00e9s sur les indicateurs de performance<\/em>, Vorecol.com, 2024<\/li>\n\n\n\n<li><em>Accompagnement psychologique des salari\u00e9s<\/em>, PositiveYou.co, 2025<\/li>\n\n\n\n<li>Kabat-Zinn J., <em>M\u00e9diter, jour apr\u00e8s jour<\/em>, \u00c9ditions Les Ar\u00e8nes, 2017<\/li>\n\n\n\n<li><em>L\u2019intelligence \u00e9motionnelle dans la gestion des \u00e9quipes<\/em>, Psico-Smart.com, 2024<\/li>\n<\/ul>\n\n\n\n<p>\ud83d\udd16 <strong>#CabinetRENAISens<\/strong><br>Et si c\u2019\u00e9tait le bon moment pour prendre soin de vous ? \ud83c\udf3f<\/p>\n\n\n\n<div class=\"wp-block-buttons is-content-justification-center is-layout-flex wp-container-core-buttons-is-layout-16018d1d wp-block-buttons-is-layout-flex\">\n<div class=\"wp-block-button\"><a class=\"wp-block-button__link has-luminous-dusk-gradient-background has-background wp-element-button\" href=\"https:\/\/cabinet-renaisens.fr\/index.php\/blog\/?customize_changeset_uuid=d722246e-1324-4cbb-9395-abbe4c50a9e4\"><strong>D\u00e9couvrez plus d&rsquo;articles<\/strong><\/a><\/div>\n\n\n\n<div class=\"wp-block-button\"><a class=\"wp-block-button__link has-midnight-gradient-background has-background wp-element-button\" href=\"https:\/\/cabinet-renaisens.fr\/index.php\/2025\/04\/15\/suivez-le-cabinet-renaisens-sur-linkedin\/?customize_changeset_uuid=d722246e-1324-4cbb-9395-abbe4c50a9e4\"><strong>Suivez-nous sur les r\u00e9seaux<\/strong><\/a><\/div>\n<\/div>\n\n\n\n<p><\/p>\n","protected":false},"excerpt":{"rendered":"<p>Vos \u00e9motions : ennemies \u00e0 combattre ou alli\u00e9es \u00e0 apprivoiser ? On nous a longtemps appris \u00e0 \u00ab g\u00e9rer nos \u00e9motions \u00bb comme on tiendrait \u00e0 distance un feu mal ma\u00eetris\u00e9. Et si, au contraire, nos \u00e9motions \u00e9taient des alli\u00e9es puissantes, capables de nous guider, de nous transformer, de nous reconnecter \u00e0 nous-m\u00eames et aux [&hellip;]<\/p>\n","protected":false},"author":2,"featured_media":2716,"comment_status":"closed","ping_status":"closed","sticky":false,"template":"","format":"standard","meta":{"content-type":"","om_disable_all_campaigns":false,"_monsterinsights_skip_tracking":false,"_monsterinsights_sitenote_active":false,"_monsterinsights_sitenote_note":"","_monsterinsights_sitenote_category":0,"iawp_total_views":9,"footnotes":""},"categories":[1],"tags":[],"class_list":["post-2707","post","type-post","status-publish","format-standard","has-post-thumbnail","hentry","category-article"],"aioseo_notices":[],"_links":{"self":[{"href":"https:\/\/cabinet-renaisens.fr\/index.php\/wp-json\/wp\/v2\/posts\/2707","targetHints":{"allow":["GET"]}}],"collection":[{"href":"https:\/\/cabinet-renaisens.fr\/index.php\/wp-json\/wp\/v2\/posts"}],"about":[{"href":"https:\/\/cabinet-renaisens.fr\/index.php\/wp-json\/wp\/v2\/types\/post"}],"author":[{"embeddable":true,"href":"https:\/\/cabinet-renaisens.fr\/index.php\/wp-json\/wp\/v2\/users\/2"}],"replies":[{"embeddable":true,"href":"https:\/\/cabinet-renaisens.fr\/index.php\/wp-json\/wp\/v2\/comments?post=2707"}],"version-history":[{"count":0,"href":"https:\/\/cabinet-renaisens.fr\/index.php\/wp-json\/wp\/v2\/posts\/2707\/revisions"}],"wp:featuredmedia":[{"embeddable":true,"href":"https:\/\/cabinet-renaisens.fr\/index.php\/wp-json\/wp\/v2\/media\/2716"}],"wp:attachment":[{"href":"https:\/\/cabinet-renaisens.fr\/index.php\/wp-json\/wp\/v2\/media?parent=2707"}],"wp:term":[{"taxonomy":"category","embeddable":true,"href":"https:\/\/cabinet-renaisens.fr\/index.php\/wp-json\/wp\/v2\/categories?post=2707"},{"taxonomy":"post_tag","embeddable":true,"href":"https:\/\/cabinet-renaisens.fr\/index.php\/wp-json\/wp\/v2\/tags?post=2707"}],"curies":[{"name":"wp","href":"https:\/\/api.w.org\/{rel}","templated":true}]}}