{"id":2579,"date":"2025-04-23T06:00:00","date_gmt":"2025-04-23T04:00:00","guid":{"rendered":"https:\/\/cabinet-renaisens.fr\/?p=2579"},"modified":"2025-05-11T14:24:11","modified_gmt":"2025-05-11T12:24:11","slug":"les-emotions-2-les-idees-recues-ce-quon-vous-a-toujours-dit-et-qui-est-completement-faux","status":"publish","type":"post","link":"https:\/\/cabinet-renaisens.fr\/index.php\/2025\/04\/23\/les-emotions-2-les-idees-recues-ce-quon-vous-a-toujours-dit-et-qui-est-completement-faux\/","title":{"rendered":"\ud83e\udde0 Les \u00e9motions #2 \u2013 Les id\u00e9es re\u00e7ues\u00a0"},"content":{"rendered":"\n<h3 class=\"wp-block-heading\">Ces id\u00e9es re\u00e7ues sur les \u00e9motions qui nous freinent sans que l\u2019on s\u2019en rende compte<\/h3>\n\n\n\n<p>Depuis que nous sommes petits, nous entendons des phrases comme :<\/p>\n\n\n\n<blockquote class=\"wp-block-quote is-layout-flow wp-block-quote-is-layout-flow\">\n<div class=\"wp-block-group\"><div class=\"wp-block-group__inner-container is-layout-constrained wp-block-group-is-layout-constrained\">\n<p><em>\u00ab\u00a0Arr\u00eate de pleurer\u00a0\u00bb, \u00ab\u00a0Sois fort\u00a0\u00bb, \u00ab\u00a0Garde ton calme\u00a0\u00bb, \u00ab\u00a0Ne te laisse pas envahir par tes \u00e9motions\u00a0\u00bb.<\/em><\/p>\n<\/div><\/div>\n<\/blockquote>\n\n\n\n<p>Ces injonctions, r\u00e9p\u00e9t\u00e9es parfois avec bienveillance, nous ont appris une chose : <strong>les \u00e9motions, ce n\u2019est pas tr\u00e8s bien vu<\/strong>. R\u00e9sultat ? On les cache, on les juge, on les redoute. Et pourtant, elles sont l\u00e0. Elles frappent \u00e0 la porte, et parfois m\u00eame, elles s&rsquo;imposent et forcent l&rsquo;entr\u00e9e&#8230;<\/p>\n\n\n\n<p>Dans cet article, d\u00e9couvrez <strong>trois id\u00e9es re\u00e7ues que l\u2019on entend tr\u00e8s (trop) souvent<\/strong>&#8230; et surtout, vous montrer <strong>pourquoi les remettre en question peut changer notre rapport \u00e0 nous-m\u00eame<\/strong>.<\/p>\n\n\n\n<h3 class=\"wp-block-heading\">\ud83c\udf2a\ufe0f Id\u00e9e re\u00e7ue #1 : \u00ab R\u00e9primer ses \u00e9motions, c\u2019est \u00eatre fort \u00bb<\/h3>\n\n\n\n<p>Ce qu\u2019on entend souvent :<\/p>\n\n\n\n<blockquote class=\"wp-block-quote is-layout-flow wp-block-quote-is-layout-flow\">\n<p><em>\u00ab\u00a0Les gens forts ne pleurent pas, ils gardent leur sang-froid.\u00a0\u00bb<\/em><\/p>\n<\/blockquote>\n\n\n\n<p>Ce qu\u2019on oublie de dire :<br>\ud83d\udc49 R\u00e9primer ses \u00e9motions, ce n\u2019est pas de la force. C\u2019est <strong>une strat\u00e9gie de survie<\/strong> qui peut nous co\u00fbter tr\u00e8s cher sur le long terme.<\/p>\n\n\n\n<p>Les recherches en psychologie sont tr\u00e8s claires l\u00e0-dessus. Quand on emp\u00eache nos \u00e9motions de s\u2019exprimer, on les enfouit. Et ce que l\u2019on enfouit ne dispara\u00eet pas : <strong>cela ressort ailleurs<\/strong> \u2013 dans le corps, dans les relations, ou sous forme de stress chronique.<br>Des \u00e9tudes comme celles de James Gross (2014) montrent que <strong>la suppression \u00e9motionnelle affaiblit notre sant\u00e9<\/strong>, et peut m\u00eame augmenter les risques de burn-out ou de troubles cardiovasculaires.<\/p>\n\n\n\n<p>\ud83c\udfaf <em>Un exemple concret<\/em> : Une personne accompagn\u00e9e me racontait sa col\u00e8re intense apr\u00e8s une r\u00e9union o\u00f9 son manager avait pr\u00e9sent\u00e9 <strong>ses<\/strong> id\u00e9es comme \u00e9tant les siennes. Elle avait envie de hurler\u2026 mais elle a tout gard\u00e9 pour elle. R\u00e9sultat ? Une boule au ventre pendant des jours, de la ranc\u0153ur, de la fatigue \u00e9motionnelle.<\/p>\n\n\n\n<p>En travaillant ensemble, nous avons d\u00e9cod\u00e9 ce que cette col\u00e8re voulait dire : <strong>un besoin de reconnaissance<\/strong> et de respect. Gr\u00e2ce \u00e0 la Communication Non Violente (CNV), elle a r\u00e9ussi \u00e0 en parler calmement avec son manager\u2026 et \u00e0 clarifier les choses. <strong>Exprimer son \u00e9motion n\u2019a pas fragilis\u00e9 la relation, au contraire, cela l\u2019a renforc\u00e9e.<\/strong><\/p>\n\n\n\n<p>\ud83d\udca1 <strong>Rappel essentiel<\/strong> : La vraie force, c\u2019est de savoir reconna\u00eetre ce qui se passe en soi\u2026 et de choisir comment on veut l\u2019exprimer.<\/p>\n\n\n\n<h3 class=\"wp-block-heading\">\ud83d\udd25 Id\u00e9e re\u00e7ue #2 : \u00ab La col\u00e8re est une \u00e9motion n\u00e9gative, \u00e0 \u00e9viter \u00bb<\/h3>\n\n\n\n<p>Ce que l\u2019on nous dit souvent :<\/p>\n\n\n\n<blockquote class=\"wp-block-quote is-layout-flow wp-block-quote-is-layout-flow\">\n<p><em>\u00ab\u00a0La col\u00e8re, c\u2019est dangereux. Cela fait peur. Il vaut mieux la contenir.\u00a0\u00bb<\/em><\/p>\n<\/blockquote>\n\n\n\n<p>Et pourtant :<br>\ud83d\udc49 La col\u00e8re est <strong>une \u00e9motion de protection<\/strong>. Elle est l\u00e0 pour <strong>poser des limites<\/strong> quand quelque chose ne nous respecte pas.<\/p>\n\n\n\n<p>Bien canalis\u00e9e, elle peut devenir <strong>un moteur de changement<\/strong>. Carol Tavris (1989) l\u2019explique tr\u00e8s bien : ce n\u2019est pas la col\u00e8re en elle-m\u00eame qui pose un probl\u00e8me, mais <strong>la fa\u00e7on dont on la g\u00e8re<\/strong>.<\/p>\n\n\n\n<p>\ud83c\udfaf <em>Un exemple v\u00e9cu<\/em> : Un salari\u00e9 que j\u2019ai accompagn\u00e9 se sentait exploit\u00e9. Horaires \u00e0 rallonge, aucune reconnaissance. Il bouillait int\u00e9rieurement, mais n\u2019osait rien dire, par peur d\u2019\u00eatre jug\u00e9 ou mis \u00e0 l\u2019\u00e9cart.<br>Avec un peu de travail sur ses besoins, il a compris que sa col\u00e8re parlait de <strong>justice<\/strong> et de <strong>respect de son \u00e9quilibre personnel<\/strong>. Il a r\u00e9ussi \u00e0 exprimer son ressenti de mani\u00e8re pos\u00e9e\u2026 et a obtenu un am\u00e9nagement de son emploi du temps.<\/p>\n\n\n\n<p>\ud83d\udca1 <strong>Ce que l\u2019on peut en retenir<\/strong> : La col\u00e8re devient destructrice quand on la nie ou quand elle explose sans filtre. Mais <strong>quand on apprend \u00e0 l\u2019\u00e9couter<\/strong>, elle devient une pr\u00e9cieuse alli\u00e9e.<\/p>\n\n\n\n<h3 class=\"wp-block-heading\">\ud83c\udf27\ufe0f Id\u00e9e re\u00e7ue #3 : \u00ab Il ne faut pas ressentir d\u2019\u00e9motions n\u00e9gatives pour \u00eatre heureux\u00bb<\/h3>\n\n\n\n<p>Ce que l\u2019on entend :<\/p>\n\n\n\n<blockquote class=\"wp-block-quote is-layout-flow wp-block-quote-is-layout-flow\">\n<p><em>\u00ab\u00a0Pense positif, souris \u00e0 la vie, chasse tes pens\u00e9es noires !\u00a0\u00bb<\/em><\/p>\n<\/blockquote>\n\n\n\n<p>Et si, au contraire, la cl\u00e9 du bien-\u00eatre \u00e9tait d\u2019<strong>accueillir toutes nos \u00e9motions<\/strong>, m\u00eame les plus inconfortables?<\/p>\n\n\n\n<p>La tristesse, la peur, la d\u00e9ception, l\u2019anxi\u00e9t\u00e9\u2026 sont des \u00e9motions qui nous d\u00e9rangent certes. Mais elles sont aussi <strong>des messag\u00e8res<\/strong>. Elles nous parlent de nos besoins non satisfaits, de nos valeurs, de nos limites franchies.<br>Des chercheurs (Kashdan &amp; al., 2010) ont montr\u00e9 que les personnes capables <strong>d\u2019accepter leurs \u00e9motions n\u00e9gatives<\/strong> sont <strong>plus r\u00e9silientes<\/strong> et mieux arm\u00e9es face aux \u00e9preuves.<\/p>\n\n\n\n<p>\ud83c\udfaf <em>Une situation que j\u2019ai accompagn\u00e9e<\/em> : Une jeune femme se sentait rejet\u00e9e et profond\u00e9ment triste apr\u00e8s avoir \u00e9t\u00e9 \u00e9cart\u00e9e d\u2019un projet qui comptait beaucoup pour elle. En explorant ce qu\u2019elle ressentait, elle a mis le doigt sur un besoin fort : <strong>se sentir utile et reconnue<\/strong> dans son travail. Cette prise de conscience lui a donn\u00e9 le courage de demander une mission qui soit  davantage align\u00e9e avec ses envies. Et cela a fonctionn\u00e9.<\/p>\n\n\n\n<p>\ud83d\udca1 <strong>\u00c0 retenir<\/strong> : \u00c9viter les \u00e9motions douloureuses, c\u2019est comme mettre un couvercle sur une cocotte-minute. \u00c0 un moment, cela finit par exploser. <strong>Les \u00e9motions ne sont pas des ennemies<\/strong>, elles sont des guides.<\/p>\n\n\n\n<h3 class=\"wp-block-heading\">\ud83c\udf31 En conclusion : \u00c9couter, plut\u00f4t que juger<\/h3>\n\n\n\n<p>Ces id\u00e9es re\u00e7ues sur les \u00e9motions sont tenaces. Mais <strong>lorsque l&rsquo;on commence \u00e0 les d\u00e9construire<\/strong>, quelque chose se lib\u00e8re. On se reconnecte \u00e0 soi, \u00e0 ses besoins, \u00e0 ce qui est vivant en nous.<\/p>\n\n\n\n<p>\ud83c\udf1f Les \u00e9motions ne sont ni bonnes ni mauvaises. Elles sont <strong>des signaux<\/strong>. Les ignorer, c\u2019est se couper de soi.<br>Les \u00e9couter, les apprivoiser, c\u2019est <strong>grandir en conscience<\/strong> et en libert\u00e9.<\/p>\n\n\n\n<p>Dans notre prochain article, je vous proposerai un focus sur les \u00e9motions au travail :<\/p>\n\n\n\n<ul class=\"wp-block-list\">\n<li>Comment g\u00e9rer le stress avant une pr\u00e9sentation ?<\/li>\n\n\n\n<li>Que faire quand un conflit surgit avec un(e) coll\u00e8gue ?<\/li>\n\n\n\n<li>Et surtout, comment utiliser vos \u00e9motions <strong>comme levier de bien-\u00eatre au travail<\/strong> ?<\/li>\n<\/ul>\n\n\n\n<p>\u00c0 tr\u00e8s vite \ud83c\udf38 (et en attendant prenez soin de vous et vos \u00e9motions!)<\/p>\n\n\n\n<h3 class=\"wp-block-heading\">\ud83d\udcda Bibliographie <\/h3>\n\n\n\n<ul class=\"wp-block-list\">\n<li>Gross, J. J. (2014). <em>Emotion Regulation: Conceptual Foundations<\/em>. Guilford Press.<\/li>\n\n\n\n<li>Tavris, C. (1989). <em>Anger: The Misunderstood Emotion<\/em>. Simon &amp; Schuster.<\/li>\n\n\n\n<li>Kashdan, T. B., Barrios, V., Forsyth, J. P., &amp; Steger, M. F. (2010). <em>Emotional Acceptance and Psychological Health: A Meta-Analytic Review<\/em>. <em>Emotion<\/em>, American Psychological Association.<\/li>\n\n\n\n<li>Rosenberg, M. (2005). <em>Les mots sont des fen\u00eatres (ou bien ce sont des murs)<\/em>. \u00c9ditions La D\u00e9couverte (sur la CNV).<\/li>\n<\/ul>\n\n\n\n<ul class=\"wp-block-list\">\n<li><\/li>\n<\/ul>\n\n\n\n<div class=\"wp-block-buttons is-content-justification-center is-layout-flex wp-container-core-buttons-is-layout-16018d1d wp-block-buttons-is-layout-flex\">\n<div class=\"wp-block-button is-style-fill\"><a class=\"wp-block-button__link has-luminous-dusk-gradient-background has-background wp-element-button\" href=\"https:\/\/cabinet-renaisens.fr\/index.php\/blog\/\">D\u00e9couvrez plus d&rsquo;articles<\/a><\/div>\n<\/div>\n\n\n\n<h2 class=\"wp-block-heading\"><\/h2>\n\n\n\n<div class=\"wp-block-buttons is-content-justification-center is-layout-flex wp-container-core-buttons-is-layout-16018d1d wp-block-buttons-is-layout-flex\">\n<div class=\"wp-block-button\"><a class=\"wp-block-button__link has-midnight-gradient-background has-background wp-element-button\" href=\"https:\/\/cabinet-renaisens.fr\/index.php\/2025\/04\/15\/suivez-le-cabinet-renaisens-sur-linkedin\/\" target=\"_blank\" rel=\"noreferrer noopener\">Suivez le Cabinet RENAI&rsquo;Sens sur les r\u00e9seaux sociaux<\/a><\/div>\n<\/div>\n\n\n\n<h2 class=\"wp-block-heading\"><\/h2>\n\n\n\n<div class=\"wp-block-buttons is-content-justification-center is-layout-flex wp-container-core-buttons-is-layout-16018d1d wp-block-buttons-is-layout-flex\">\n<div class=\"wp-block-button\"><a class=\"wp-block-button__link has-blush-light-purple-gradient-background has-background wp-element-button\" href=\"https:\/\/calendly.com\/contact-cabinet-renaisens\/rdv-decouverte-30-minutes-telephone-ou-visio?month=2025-04&amp;date=2025-04-11\">Besoin d&rsquo;\u00eatre accompagn\u00e9(e)\u202f? R\u00e9servez un RDV (gratuit et sans engagement)<\/a><\/div>\n<\/div>\n\n\n\n<p><\/p>\n","protected":false},"excerpt":{"rendered":"<p>Ces id\u00e9es re\u00e7ues sur les \u00e9motions qui nous freinent sans que l\u2019on s\u2019en rende compte Depuis que nous sommes petits, nous entendons des phrases comme : Ces injonctions, r\u00e9p\u00e9t\u00e9es parfois avec bienveillance, nous ont appris une chose : les \u00e9motions, ce n\u2019est pas tr\u00e8s bien vu. R\u00e9sultat ? On les cache, on les juge, on [&hellip;]<\/p>\n","protected":false},"author":2,"featured_media":2586,"comment_status":"closed","ping_status":"closed","sticky":false,"template":"","format":"standard","meta":{"content-type":"","om_disable_all_campaigns":false,"_monsterinsights_skip_tracking":false,"_monsterinsights_sitenote_active":false,"_monsterinsights_sitenote_note":"","_monsterinsights_sitenote_category":0,"iawp_total_views":47,"footnotes":""},"categories":[1],"tags":[],"class_list":["post-2579","post","type-post","status-publish","format-standard","has-post-thumbnail","hentry","category-article"],"aioseo_notices":[],"_links":{"self":[{"href":"https:\/\/cabinet-renaisens.fr\/index.php\/wp-json\/wp\/v2\/posts\/2579","targetHints":{"allow":["GET"]}}],"collection":[{"href":"https:\/\/cabinet-renaisens.fr\/index.php\/wp-json\/wp\/v2\/posts"}],"about":[{"href":"https:\/\/cabinet-renaisens.fr\/index.php\/wp-json\/wp\/v2\/types\/post"}],"author":[{"embeddable":true,"href":"https:\/\/cabinet-renaisens.fr\/index.php\/wp-json\/wp\/v2\/users\/2"}],"replies":[{"embeddable":true,"href":"https:\/\/cabinet-renaisens.fr\/index.php\/wp-json\/wp\/v2\/comments?post=2579"}],"version-history":[{"count":0,"href":"https:\/\/cabinet-renaisens.fr\/index.php\/wp-json\/wp\/v2\/posts\/2579\/revisions"}],"wp:featuredmedia":[{"embeddable":true,"href":"https:\/\/cabinet-renaisens.fr\/index.php\/wp-json\/wp\/v2\/media\/2586"}],"wp:attachment":[{"href":"https:\/\/cabinet-renaisens.fr\/index.php\/wp-json\/wp\/v2\/media?parent=2579"}],"wp:term":[{"taxonomy":"category","embeddable":true,"href":"https:\/\/cabinet-renaisens.fr\/index.php\/wp-json\/wp\/v2\/categories?post=2579"},{"taxonomy":"post_tag","embeddable":true,"href":"https:\/\/cabinet-renaisens.fr\/index.php\/wp-json\/wp\/v2\/tags?post=2579"}],"curies":[{"name":"wp","href":"https:\/\/api.w.org\/{rel}","templated":true}]}}