{"id":2565,"date":"2025-04-16T06:16:00","date_gmt":"2025-04-16T04:16:00","guid":{"rendered":"https:\/\/cabinet-renaisens.fr\/?p=2565"},"modified":"2025-05-11T14:25:37","modified_gmt":"2025-05-11T12:25:37","slug":"les-emotions-ces-grandes-incomprises-et-pourtant-si-precieuses","status":"publish","type":"post","link":"https:\/\/cabinet-renaisens.fr\/index.php\/2025\/04\/16\/les-emotions-ces-grandes-incomprises-et-pourtant-si-precieuses\/","title":{"rendered":"Les \u00e9motions, ces incomprises\u2026"},"content":{"rendered":"\n<h3 class=\"wp-block-heading\">Pourquoi les \u00e9motions sont-elles si essentielles ?<\/h3>\n\n\n\n<p>Ah, les \u00e9motions\u2026 Ces montagnes russes int\u00e9rieures qui nous font vibrer, pleurer, rire aux \u00e9clats ou parfois nous replier sur nous-m\u00eame.<br>On les trouve souvent trop envahissantes, trop bruyantes, trop\u2026 tout. Elles sont mal comprises, mal aim\u00e9es (surtout celles que l&rsquo;on juge comme n\u00e9gatives). On nous a appris \u00e0 les cacher, \u00e0 les r\u00e9primer, comme si les ressentir pleinement \u00e9tait un signe de faiblesse.<\/p>\n\n\n\n<p>Et si je vous disais le contraire ?<br>Et si vos \u00e9motions, m\u00eame les plus inconfortables, \u00e9taient en r\u00e9alit\u00e9 vos plus fid\u00e8les alli\u00e9es ?<\/p>\n\n\n\n<p>\ud83c\udf31 Cet article, premier d&rsquo;une s\u00e9rie sur les \u00e9motions, est n\u00e9 d&rsquo;une envie de vous proposer un autre regard.<br>Un regard doux, bienveillant et profond\u00e9ment humain sur les \u00e9motions.<\/p>\n\n\n\n<p>On y parlera de :<\/p>\n\n\n\n<ul class=\"wp-block-list\">\n<li>Pourquoi r\u00e9primer ses \u00e9motions n\u2019est pas une preuve de force<\/li>\n\n\n\n<li>Comment la col\u00e8re peut devenir une \u00e9nergie de transformation<\/li>\n\n\n\n<li>Pourquoi les \u00ab\u00a0\u00e9motions n\u00e9gatives\u00a0\u00bb ont, elles aussi, un r\u00f4le essentiel<\/li>\n\n\n\n<li>Et surtout, comment faire la paix avec vos \u00e9motions pour retrouver plus de s\u00e9r\u00e9nit\u00e9 et d\u2019\u00e9quilibre<\/li>\n<\/ul>\n\n\n\n<p>Alors, je vous invite \u00e0 embarquer dans ce voyage au c\u0153ur de votre monde int\u00e9rieur\u2026 Il pourrait bien vous surprendre.<\/p>\n\n\n\n<h2 class=\"wp-block-heading\">Les \u00e9motions, un GPS int\u00e9rieur souvent ignor\u00e9<\/h2>\n\n\n\n<p>Imaginez un instant : vous \u00eates au volant de votre voiture, sans carte ni GPS. Vous roulez sans rep\u00e8re, sans savoir si vous allez, ou non,  dans la bonne direction.<br>Nos \u00e9motions sont ce GPS int\u00e9rieur qui nous alerte, nous guide et nous renseigne sur ce qui compte vraiment pour nous.<\/p>\n\n\n\n<ul class=\"wp-block-list\">\n<li>La <strong>peur<\/strong> nous alerte d\u2019un danger et nous pousse \u00e0 nous prot\u00e9ger.<\/li>\n\n\n\n<li>La <strong>tristesse<\/strong> nous murmure qu\u2019un besoin n\u2019est plus nourri.<\/li>\n\n\n\n<li>La <strong>Col\u00e8re<\/strong> nous montre qu\u2019une limite a \u00e9t\u00e9 franchie.<\/li>\n\n\n\n<li>La <strong>joie<\/strong> nous montre que l\u2019on est align\u00e9, \u00e0 la bonne place.<\/li>\n<\/ul>\n\n\n\n<p>Les \u00e9motions ne sont pas l\u00e0 pour nous compliquer la vie. Elles sont l\u00e0 pour nous aider \u00e0 <strong>vivre pleinement<\/strong>.<\/p>\n\n\n\n<p>Les travaux de Damasio (1994) montrent d\u2019ailleurs que nos \u00e9motions sont <strong>indispensables \u00e0 la prise de d\u00e9cision<\/strong>. Elles influencent nos choix, nos relations, nos trajectoires. Sans elles, on serait perdus.<\/p>\n\n\n\n<h2 class=\"wp-block-heading\">Non, les \u00e9motions ne sont pas irrationnelles<\/h2>\n\n\n\n<p>On entend souvent : <em>\u201cTu es trop sensible\u201d, \u201cTu te laisses d\u00e9border\u201d<\/em>, comme si ressentir \u00e9tait un d\u00e9faut.<br>Mais nos \u00e9motions sont le fruit de <strong>millions d\u2019ann\u00e9es d\u2019\u00e9volution<\/strong>. Elles nous aident \u00e0 survivre, \u00e0 nous adapter, \u00e0 rester en lien.<\/p>\n\n\n\n<p>Je pense \u00e0 une personne que j\u2019ai accompagn\u00e9e r\u00e9cemment. Elle ressentait une col\u00e8re intense en r\u00e9union : son responsable venait de pr\u00e9senter ses id\u00e9es comme \u00e9tant les siennes. Cette col\u00e8re, elle l\u2019a d\u2019abord refoul\u00e9e, par peur de para\u00eetre \u00ab\u00a0trop \u00e9motive\u00a0\u00bb. En travaillant ensemble, elle a compris que cette col\u00e8re parlait de <strong>respect<\/strong>, de <strong>reconnaissance<\/strong>. Avec les outils de la Communication Non Violente, elle a pu communiquer en mettant les mots justes sur ce qu\u2019elle ressentait. Elle a os\u00e9 en parler \u00e0 son sup\u00e9rieur, avec calme et clart\u00e9.<\/p>\n\n\n\n<p>\ud83c\udf3f R\u00e9sultat ? Une relation apais\u00e9e, et surtout, une <strong>reconnexion \u00e0 elle-m\u00eame<\/strong>.<\/p>\n\n\n\n<h2 class=\"wp-block-heading\">Quand on ignore ses \u00e9motions, on s\u2019\u00e9loigne de soi&#8230;<\/h2>\n\n\n\n<p>Mal comprises, les \u00e9motions peuvent se transformer en fardeau :<\/p>\n\n\n\n<ul class=\"wp-block-list\">\n<li>Du <strong>stress chronique<\/strong>, parce que l\u2019on accumule sans jamais se lib\u00e9rer<\/li>\n\n\n\n<li>Des <strong>tensions dans le corps<\/strong>, qui s\u2019installent<\/li>\n\n\n\n<li>Des <strong>relations difficiles<\/strong>, o\u00f9 le non-dit prend toute la place<\/li>\n<\/ul>\n\n\n\n<p>Mais la bonne nouvelle, c\u2019est qu\u2019on peut apprendre \u00e0 les apprivoiser.<\/p>\n\n\n\n<h2 class=\"wp-block-heading\">Comment mieux vivre ses \u00e9motions au quotidien ?<\/h2>\n\n\n\n<p>Voici quelques cl\u00e9s simples, mais efficaces :<\/p>\n\n\n\n<ol class=\"wp-block-list\">\n<li><strong>Accueillir<\/strong> ce que l\u2019on ressent, sans se juger<\/li>\n\n\n\n<li><strong>Nommer<\/strong> l\u2019\u00e9motion : est-ce de la peur ? de la honte ? de la frustration ?<\/li>\n\n\n\n<li><strong>Exprimer<\/strong> ce que l\u2019on vit : \u00e0 quelqu\u2019un de confiance ou par \u00e9crit<\/li>\n\n\n\n<li><strong>\u00c9couter<\/strong> ce que l\u2019\u00e9motion veut nous dire : quel besoin n\u2019est pas nourri ?<\/li>\n<\/ol>\n\n\n\n<p>Une personne accompagn\u00e9e vivait une grande tristesse apr\u00e8s avoir \u00e9t\u00e9 \u00e9cart\u00e9e d\u2019un projet. En explorant ensemble ce qui se jouait, elle a pris conscience qu\u2019elle avait un fort besoin de <strong>reconnaissance<\/strong> qui n&rsquo;\u00e9tait pas satisfait. \u00c0 partir de l\u00e0, elle a pu poser des actions concr\u00e8tes pour retrouver un r\u00f4le plus valorisant.<\/p>\n\n\n\n<p>\ud83e\udded C\u2019est cela, l\u2019intelligence \u00e9motionnelle : apprendre \u00e0 <strong>d\u00e9coder ses signaux int\u00e9rieurs<\/strong>, pour faire des choix plus justes.<\/p>\n\n\n\n<h2 class=\"wp-block-heading\">Et si un accompagnement vous aidait \u00e0 retrouver votre chemin ?<\/h2>\n\n\n\n<p>Parfois, les \u00e9motions prennent toute la place. Elles d\u00e9bordent, nous \u00e9puisent, ou bien nous paralysent.<br>C\u2019est pr\u00e9cis\u00e9ment  dans ces cas-l\u00e0 que <a href=\"https:\/\/share.hsforms.com\/1NZRXIhhzQ_qp9qJSd3KPLAt0uwq\" target=\"_blank\" rel=\"noopener\" title=\"\">l\u2019accompagnement psychologique<\/a> peut faire une vraie diff\u00e9rence.<\/p>\n\n\n\n<p>En tant que psychologue, je peux vous aider \u00e0 :<\/p>\n\n\n\n<ul class=\"wp-block-list\">\n<li>Mettre de la clart\u00e9 dans ce que vous ressentez<\/li>\n\n\n\n<li>Rep\u00e9rer les sch\u00e9mas qui vous freinent<\/li>\n\n\n\n<li>Apprendre \u00e0 <strong>accueillir, comprendre et transformer<\/strong> vos \u00e9motions<\/li>\n<\/ul>\n\n\n\n<p>Parce que <strong>vous avez en vous toutes les ressources pour aller mieux<\/strong>. Il suffit parfois d\u2019un regard ext\u00e9rieur, bienveillant et neutre, pour y acc\u00e9der.<\/p>\n\n\n\n<h2 class=\"wp-block-heading\">Pour conclure&#8230;<\/h2>\n\n\n\n<p>Les \u00e9motions ne sont pas vos ennemies ; elles sont vos alli\u00e9es ! <br>Elles sont des <strong>messag\u00e8res pr\u00e9cieuses<\/strong>, qui parlent de vous, de vos besoins, de vos \u00e9lans de vie. En apprenant \u00e0 les comprendre et \u00e0 les g\u00e9rer, vous pouvez transformer votre vie et atteindre un v\u00e9ritable bien-\u00eatre.<\/p>\n\n\n\n<p>Et ce n\u2019est que le d\u00e9but\u2026<br>Dans le prochain article, je vous propose de questionner cette id\u00e9e re\u00e7ue :<br>\ud83d\udc49 <em>\u00ab\u00a0Il faut r\u00e9fr\u00e9ner ses \u00e9motions pour \u00eatre fort.\u00a0\u00bb<\/em><br>Je vous pr\u00e9viens : on va d\u00e9construire pas mal de croyances \ud83d\ude09<\/p>\n\n\n\n<p>D\u2019ici l\u00e0, prenez soin de vos \u00e9motions. Elles vous parlent avec sagesse, m\u00eame quand elles chuchotent pour tenter de se faire discr\u00e8tes.<\/p>\n\n\n\n<h2 class=\"wp-block-heading\"><strong>Bibliographie<\/strong><\/h2>\n\n\n\n<ol class=\"wp-block-list\">\n<li>Damasio, A.R.,&nbsp;<em>L&rsquo;Erreur de Descartes<\/em>, \u00c9ditions Odile Jacob (1994).<\/li>\n\n\n\n<li>James W.,&nbsp;<em>Principles of Psychology<\/em>, Holt (1884).<\/li>\n\n\n\n<li>Gross J.J.,&nbsp;<em>Emotion Regulation: Conceptual Foundations<\/em>, Guilford Press (2014).<\/li>\n<\/ol>\n\n\n\n<div class=\"wp-block-buttons is-content-justification-center is-layout-flex wp-container-core-buttons-is-layout-16018d1d wp-block-buttons-is-layout-flex\">\n<div class=\"wp-block-button is-style-fill\"><a class=\"wp-block-button__link has-luminous-dusk-gradient-background has-background wp-element-button\" href=\"https:\/\/cabinet-renaisens.fr\/index.php\/blog\/\">D\u00e9couvrez plus d&rsquo;articles<\/a><\/div>\n<\/div>\n\n\n\n<h2 class=\"wp-block-heading\"><\/h2>\n\n\n\n<div class=\"wp-block-buttons is-content-justification-center is-layout-flex wp-container-core-buttons-is-layout-16018d1d wp-block-buttons-is-layout-flex\">\n<div class=\"wp-block-button is-style-fill\"><a class=\"wp-block-button__link has-midnight-gradient-background has-background wp-element-button\" href=\"https:\/\/cabinet-renaisens.fr\/index.php\/2025\/04\/15\/suivez-le-cabinet-renaisens-sur-linkedin\/\" target=\"_blank\" rel=\"noreferrer noopener\">Suivez le Cabinet RENAI&rsquo;Sens sur les r\u00e9seaux sociaux<\/a><\/div>\n<\/div>\n\n\n\n<p><\/p>\n","protected":false},"excerpt":{"rendered":"<p>Pourquoi les \u00e9motions sont-elles si essentielles ? Ah, les \u00e9motions\u2026 Ces montagnes russes int\u00e9rieures qui nous font vibrer, pleurer, rire aux \u00e9clats ou parfois nous replier sur nous-m\u00eame.On les trouve souvent trop envahissantes, trop bruyantes, trop\u2026 tout. Elles sont mal comprises, mal aim\u00e9es (surtout celles que l&rsquo;on juge comme n\u00e9gatives). On nous a appris \u00e0 [&hellip;]<\/p>\n","protected":false},"author":2,"featured_media":2570,"comment_status":"closed","ping_status":"closed","sticky":false,"template":"","format":"standard","meta":{"content-type":"","om_disable_all_campaigns":false,"_monsterinsights_skip_tracking":false,"_monsterinsights_sitenote_active":false,"_monsterinsights_sitenote_note":"","_monsterinsights_sitenote_category":0,"iawp_total_views":26,"footnotes":""},"categories":[1],"tags":[],"class_list":["post-2565","post","type-post","status-publish","format-standard","has-post-thumbnail","hentry","category-article"],"aioseo_notices":[],"_links":{"self":[{"href":"https:\/\/cabinet-renaisens.fr\/index.php\/wp-json\/wp\/v2\/posts\/2565","targetHints":{"allow":["GET"]}}],"collection":[{"href":"https:\/\/cabinet-renaisens.fr\/index.php\/wp-json\/wp\/v2\/posts"}],"about":[{"href":"https:\/\/cabinet-renaisens.fr\/index.php\/wp-json\/wp\/v2\/types\/post"}],"author":[{"embeddable":true,"href":"https:\/\/cabinet-renaisens.fr\/index.php\/wp-json\/wp\/v2\/users\/2"}],"replies":[{"embeddable":true,"href":"https:\/\/cabinet-renaisens.fr\/index.php\/wp-json\/wp\/v2\/comments?post=2565"}],"version-history":[{"count":0,"href":"https:\/\/cabinet-renaisens.fr\/index.php\/wp-json\/wp\/v2\/posts\/2565\/revisions"}],"wp:featuredmedia":[{"embeddable":true,"href":"https:\/\/cabinet-renaisens.fr\/index.php\/wp-json\/wp\/v2\/media\/2570"}],"wp:attachment":[{"href":"https:\/\/cabinet-renaisens.fr\/index.php\/wp-json\/wp\/v2\/media?parent=2565"}],"wp:term":[{"taxonomy":"category","embeddable":true,"href":"https:\/\/cabinet-renaisens.fr\/index.php\/wp-json\/wp\/v2\/categories?post=2565"},{"taxonomy":"post_tag","embeddable":true,"href":"https:\/\/cabinet-renaisens.fr\/index.php\/wp-json\/wp\/v2\/tags?post=2565"}],"curies":[{"name":"wp","href":"https:\/\/api.w.org\/{rel}","templated":true}]}}