{"id":2542,"date":"2025-04-09T06:11:00","date_gmt":"2025-04-09T04:11:00","guid":{"rendered":"https:\/\/cabinet-renaisens.fr\/?p=2542"},"modified":"2026-01-21T16:59:32","modified_gmt":"2026-01-21T15:59:32","slug":"5-exercices-pratiques-pour-cultiver-votre-resilience-au-travail","status":"publish","type":"post","link":"https:\/\/cabinet-renaisens.fr\/index.php\/2025\/04\/09\/5-exercices-pratiques-pour-cultiver-votre-resilience-au-travail\/","title":{"rendered":"Cultiver votre R\u00e9silience au Travail"},"content":{"rendered":"\n<p class=\"has-colibri-color-6-color has-text-color has-link-color wp-elements-1daef83d8aec4e17aadc8d9370de6787\">La r\u00e9silience, cette capacit\u00e9 \u00e0 rebondir face aux d\u00e9fis, est essentielle dans le monde professionnel. Nous avons tous connu ces p\u00e9riodes durant lesquelles la pression devient intense, o\u00f9 l&rsquo;on doute de ses comp\u00e9tences et o\u00f9 le stress semble prendre le dessus. Mais bonne nouvelle : la r\u00e9silience n&rsquo;est pas inn\u00e9e, elle se cultive !<\/p>\n\n\n\n<p class=\"has-colibri-color-6-color has-text-color has-link-color wp-elements-eee26edeb1810670f68e9319525bf896\">Gr\u00e2ce aux outils de la psychologie positive et des th\u00e9rapies cognitivo-comportementales (TCC), il est possible de renforcer cette aptitude et de mieux g\u00e9rer les difficult\u00e9s professionnelles. Voici cinq exercices pratiques, pour d\u00e9velopper votre r\u00e9silience au travail.<\/p>\n\n\n\n<h2 class=\"wp-block-heading\">1. L\u2019Exercice des \u00ab\u00a03 trucs cool\u00a0\u00bb<\/h2>\n\n\n\n<p><strong>Objectif : R\u00e9orienter son attention vers le positif<\/strong> <\/p>\n\n\n\n<p class=\"has-colibri-color-6-color has-text-color has-link-color wp-elements-799fed35c7822ffa6a0bbcfe4aaca9c3\">Chaque soir, notez trois \u00e9v\u00e9nements positifs de votre journ\u00e9e et expliquez pourquoi ils vous ont fait du bien. Ces moments peuvent \u00eatre simples : un sourire \u00e9chang\u00e9, une t\u00e2che accomplie ou un compliment re\u00e7u.<\/p>\n\n\n\n<p><strong>Pourquoi \u00e7a marche ?<\/strong> <\/p>\n\n\n\n<p class=\"has-colibri-color-6-color has-text-color has-link-color wp-elements-35dd687766dbeb2e7f9dbe1e9a3be63a\">Selon Martin Seligman, cet exercice augmente le bien-\u00eatre et r\u00e9duit les sympt\u00f4mes d\u00e9pressifs en seulement une semaine de pratique r\u00e9guli\u00e8re. Il entra\u00eene le cerveau \u00e0 rep\u00e9rer le positif dans un environnement parfois stressant.<\/p>\n\n\n\n<p class=\"has-colibri-color-6-color has-text-color has-link-color wp-elements-adaa78354773f77c37e4093a1d10bbe5\"><strong>Exemple concret :<\/strong> Apr\u00e8s une journ\u00e9e difficile, vous pourriez noter :<\/p>\n\n\n\n<ul class=\"wp-block-list\">\n<li><em>\u00ab\u00a0Un coll\u00e8gue m\u2019a aid\u00e9 \u00e0 r\u00e9soudre un probl\u00e8me complexe.\u00a0\u00bb<\/em><\/li>\n\n\n\n<li><em>\u00ab\u00a0J\u2019ai pris 10 minutes pour sortir et profiter du soleil.\u00a0\u00bb<\/em><\/li>\n\n\n\n<li><em>\u00ab\u00a0J\u2019ai re\u00e7u un email de remerciement d\u2019un client.\u00a0\u00bb<\/em><\/li>\n<\/ul>\n\n\n\n<h2 class=\"wp-block-heading\">2. La M\u00e9thode SPARC<\/h2>\n\n\n\n<p><strong>Objectif : Transformer ses r\u00e9actions automatiques<\/strong> <\/p>\n\n\n\n<p class=\"has-colibri-color-6-color has-text-color has-link-color wp-elements-f46ba05f2114879a85615830fc06304a\">La m\u00e9thode SPARC (Situations, Perceptions, Autopilotes, R\u00e9actions, Compr\u00e9hensions) aide \u00e0 analyser vos r\u00e9actions face aux situations stressantes et \u00e0 les transformer.<\/p>\n\n\n\n<p><strong>\u00c9tapes :<\/strong><\/p>\n\n\n\n<ol start=\"1\" class=\"wp-block-list\">\n<li class=\"has-colibri-color-6-color has-text-color has-link-color wp-elements-c4a2634f8b9fb8cd9f957ce9d39afeb6\">Identifiez une situation stressante r\u00e9cente.<\/li>\n\n\n\n<li>Notez vos pens\u00e9es automatiques (ex. : \u00ab\u00a0Je vais \u00e9chouer\u00a0\u00bb).<\/li>\n\n\n\n<li>Analysez vos r\u00e9actions habituelles (ex. : \u00e9viter le probl\u00e8me).<\/li>\n\n\n\n<li>Imaginez une r\u00e9ponse alternative plus constructive.<\/li>\n\n\n\n<li>R\u00e9fl\u00e9chissez \u00e0 ce que vous avez appris sur vous-m\u00eame.<\/li>\n<\/ol>\n\n\n\n<p><strong>Pourquoi \u00e7a marche ?<\/strong> <\/p>\n\n\n\n<p class=\"has-colibri-color-6-color has-text-color has-link-color wp-elements-ea2d0e49f30d6ee66167b6a3c00cda27\">Les TCC montrent que modifier nos pens\u00e9es automatiques r\u00e9duit le stress et am\u00e9liore la gestion \u00e9motionnelle.<\/p>\n\n\n\n<h2 class=\"wp-block-heading\">3. La M\u00e9ditation de Pleine Conscience<\/h2>\n\n\n\n<p><strong>Objectif : Cultiver la s\u00e9r\u00e9nit\u00e9 et r\u00e9duire le stress<\/strong> <\/p>\n\n\n\n<p class=\"has-colibri-color-6-color has-text-color has-link-color wp-elements-4244304d8de0b05a1453c98e6f71df35\">Pratiquez 10 minutes de m\u00e9ditation chaque jour en vous concentrant sur votre respiration ou sur l&rsquo;instant pr\u00e9sent.<\/p>\n\n\n\n<p><strong>Pourquoi \u00e7a marche ?<\/strong> <\/p>\n\n\n\n<p class=\"has-colibri-color-6-color has-text-color has-link-color wp-elements-225ad755839be368b54134bba1a00db2\">Des \u00e9tudes montrent que la m\u00e9ditation r\u00e9duit les niveaux de cortisol (hormone du stress) et am\u00e9liore la concentration. Elle est utilis\u00e9e dans des contextes professionnels pour renforcer la r\u00e9silience \u00e9motionnelle.<\/p>\n\n\n\n<p class=\"has-colibri-color-6-color has-text-color has-link-color wp-elements-85bc1ead69eac8b28f3d72e909fc8c93\"><strong>Exemple concret :<\/strong> <em>Avant une r\u00e9union importante, prenez quelques minutes pour respirer profond\u00e9ment et vous recentrer.<\/em><\/p>\n\n\n\n<h2 class=\"wp-block-heading\">4. L\u2019\u00c9criture Expressive<\/h2>\n\n\n\n<p><strong>Objectif : G\u00e9rer les \u00e9motions n\u00e9gatives<\/strong> <\/p>\n\n\n\n<p class=\"has-colibri-color-6-color has-text-color has-link-color wp-elements-42cd1283b3c03eb584900fbb0d379507\">Prenez 15 minutes pour \u00e9crire librement sur une situation difficile ou stressante que vous avez v\u00e9cue r\u00e9cemment.<\/p>\n\n\n\n<p><strong>Pourquoi \u00e7a marche ?<\/strong> L\u2019\u00e9criture expressive aide \u00e0 ext\u00e9rioriser les \u00e9motions n\u00e9gatives et \u00e0 clarifier vos pens\u00e9es, favorisant ainsi une meilleure gestion du stress.<\/p>\n\n\n\n<h2 class=\"wp-block-heading\">5. Le \u00ab\u00a0D\u00e9fi des Forces\u00a0\u00bb<\/h2>\n\n\n\n<p><strong>Objectif : Identifier et utiliser vos forces personnelles<\/strong> <\/p>\n\n\n\n<p>Utilisez un outil comme le <a href=\"https:\/\/www.viacharacter.org\/survey\/account\/register\" target=\"_blank\" rel=\"noopener\" title=\"\">test VIA<\/a> des forces de caract\u00e8re pour identifier vos principales qualit\u00e9s (<em>exemple : cr\u00e9ativit\u00e9, pers\u00e9v\u00e9rance<\/em>). Ensuite, fixez-vous un d\u00e9fi hebdomadaire pour utiliser l\u2019une de ces forces dans votre travail.<\/p>\n\n\n\n<p class=\"has-colibri-color-6-color has-text-color has-link-color wp-elements-ef2cad03ca72df62dfeb46c3e463f8b1\"><strong>Pourquoi \u00e7a marche ?<\/strong> Selon la psychologie positive, travailler avec ses forces augmente l\u2019engagement et la satisfaction professionnelle. Une \u00e9tude a montr\u00e9 que les employ\u00e9s qui utilisent leurs forces r\u00e9guli\u00e8rement sont 18 % plus performants et 15 % plus heureux au travail.<\/p>\n\n\n\n<p class=\"has-colibri-color-6-color has-text-color has-link-color wp-elements-413ac6e091901b8a902a93e43618421b\"><strong>Exemple concret :<\/strong><em> Si votre force est la cr\u00e9ativit\u00e9, proposez une nouvelle id\u00e9e pour am\u00e9liorer un processus ou r\u00e9soudre un probl\u00e8me au bureau.<\/em><\/p>\n\n\n\n<h2 class=\"wp-block-heading\">Les B\u00e9n\u00e9fices Concrets<\/h2>\n\n\n\n<p class=\"has-colibri-color-6-color has-text-color has-link-color wp-elements-7f7de4da07174168555540ece766299a\">Ces exercices ne sont pas justes \u00ab\u00a0sympas\u00a0\u00bb \u2013 ils fonctionnent ! Voici quelques chiffres pour appuyer leur efficacit\u00e9 :<\/p>\n\n\n\n<ul class=\"wp-block-list\">\n<li>Les pratiques de psychologie positive augmentent la satisfaction au travail de 20 % (Seligman, 2013).<\/li>\n\n\n\n<li class=\"has-colibri-color-6-color has-text-color has-link-color wp-elements-88058f73299beb3e12521192e6bcc49f\">La m\u00e9ditation r\u00e9guli\u00e8re r\u00e9duit le burnout de 30 % (Shankland, 2014).<\/li>\n\n\n\n<li>Utiliser ses forces personnelles am\u00e9liore l\u2019engagement professionnel de 18 % (Boniwell, 2012).<\/li>\n<\/ul>\n\n\n\n<h2 class=\"wp-block-heading\">Conclusion<\/h2>\n\n\n\n<p class=\"has-colibri-color-6-color has-text-color has-link-color wp-elements-084e1df407fbc05be9f4cb0051bf0946\">La r\u00e9silience n\u2019est pas une destination, mais un cheminement quotidien. En int\u00e9grant ces cinq exercices dans votre routine professionnelle, vous renforcerez non seulement votre capacit\u00e9 \u00e0 rebondir face aux d\u00e9fis, mais aussi votre bien-\u00eatre g\u00e9n\u00e9ral au travail.<\/p>\n\n\n\n<p><strong>Et vous ? Quel exercice allez-vous tester en premier ? <\/strong><\/p>\n\n\n\n<p><strong>Vous aimeriez aller plus loin et int\u00e9grer ces pratiques \u00e0 votre quotidien professionnel ?<\/strong> Je vous propose  <a href=\"https:\/\/calendly.com\/contact-cabinet-renaisens\/rdv-decouverte-30-minutes-telephone-ou-visio?month=2025-05&amp;date=2025-04-12\" target=\"_blank\" rel=\"noopener\" title=\"\">un entretien de 30 minutes (gratuit et sans engagement)<\/a> pour \u00e9changer sur votre situation et explorer des solutions adapt\u00e9es. <a href=\"https:\/\/share.hsforms.com\/1NZRXIhhzQ_qp9qJSd3KPLAt0uwq\" target=\"_blank\" rel=\"noopener\" title=\"\">Contactez-moi<\/a> ou <a href=\"https:\/\/calendly.com\/contact-cabinet-renaisens\/rdv-decouverte-30-minutes-telephone-ou-visio?month=2025-05&amp;date=2025-04-12\" target=\"_blank\" rel=\"noopener\" title=\"\">r\u00e9servez<\/a> directement votre cr\u00e9neau !<\/p>\n\n\n\n<h2 class=\"wp-block-heading\">Bibliographie<\/h2>\n\n\n\n<ul class=\"wp-block-list\">\n<li>Seligman M., <em>S&rsquo;\u00e9panouir \u2013 Pour un nouvel art du bonheur et du bien-\u00eatre<\/em>, Belfond, 2013.<\/li>\n\n\n\n<li>Boniwell I., <em>Psychologie Positive au Travail<\/em>, Eyrolles, 2012.<\/li>\n\n\n\n<li>Shankland R., <em>La psychologie positive<\/em>, Dunod, 2014.<\/li>\n\n\n\n<li>Cottraux J., <em>Th\u00e9rapie cognitive et \u00e9motions<\/em>, Masson, 2007.<\/li>\n\n\n\n<li>Csikszentmihalyi M., <em>Vivre \u2013 La psychologie du bonheur<\/em>, Robert Laffont, 1990.<\/li>\n<\/ul>\n\n\n\n<div class=\"wp-block-buttons is-content-justification-center is-layout-flex wp-container-core-buttons-is-layout-16018d1d wp-block-buttons-is-layout-flex\">\n<div class=\"wp-block-button\"><a class=\"wp-block-button__link has-luminous-dusk-gradient-background has-background wp-element-button\" href=\"https:\/\/cabinet-renaisens.fr\/index.php\/blog\/\">D\u00e9couvrez plus d&rsquo;articles<\/a><\/div>\n<\/div>\n\n\n\n<h2 class=\"wp-block-heading\"><\/h2>\n\n\n\n<div class=\"wp-block-buttons is-content-justification-center is-layout-flex wp-container-core-buttons-is-layout-16018d1d wp-block-buttons-is-layout-flex\">\n<div class=\"wp-block-button is-style-fill\"><a class=\"wp-block-button__link has-midnight-gradient-background has-background wp-element-button\" href=\"https:\/\/cabinet-renaisens.fr\/index.php\/2025\/01\/04\/suivez-le-cabinet-renaisens-sur-linkedin\/?preview_id=1&amp;preview_nonce=7c777048ec&amp;preview=true&amp;_thumbnail_id=997\">Suivez le Cabinet RENAI&rsquo;Sens sur les r\u00e9seaux sociaux<\/a><\/div>\n<\/div>\n\n\n\n<p><\/p>\n","protected":false},"excerpt":{"rendered":"<p>La r\u00e9silience, cette capacit\u00e9 \u00e0 rebondir face aux d\u00e9fis, est essentielle dans le monde professionnel. Nous avons tous connu ces p\u00e9riodes durant lesquelles la pression devient intense, o\u00f9 l&rsquo;on doute de ses comp\u00e9tences et o\u00f9 le stress semble prendre le dessus. Mais bonne nouvelle : la r\u00e9silience n&rsquo;est pas inn\u00e9e, elle se cultive ! Gr\u00e2ce [&hellip;]<\/p>\n","protected":false},"author":2,"featured_media":2547,"comment_status":"closed","ping_status":"closed","sticky":false,"template":"","format":"standard","meta":{"content-type":"","om_disable_all_campaigns":false,"_monsterinsights_skip_tracking":false,"_monsterinsights_sitenote_active":false,"_monsterinsights_sitenote_note":"","_monsterinsights_sitenote_category":0,"iawp_total_views":11,"footnotes":""},"categories":[1],"tags":[],"class_list":["post-2542","post","type-post","status-publish","format-standard","has-post-thumbnail","hentry","category-article"],"aioseo_notices":[],"_links":{"self":[{"href":"https:\/\/cabinet-renaisens.fr\/index.php\/wp-json\/wp\/v2\/posts\/2542","targetHints":{"allow":["GET"]}}],"collection":[{"href":"https:\/\/cabinet-renaisens.fr\/index.php\/wp-json\/wp\/v2\/posts"}],"about":[{"href":"https:\/\/cabinet-renaisens.fr\/index.php\/wp-json\/wp\/v2\/types\/post"}],"author":[{"embeddable":true,"href":"https:\/\/cabinet-renaisens.fr\/index.php\/wp-json\/wp\/v2\/users\/2"}],"replies":[{"embeddable":true,"href":"https:\/\/cabinet-renaisens.fr\/index.php\/wp-json\/wp\/v2\/comments?post=2542"}],"version-history":[{"count":0,"href":"https:\/\/cabinet-renaisens.fr\/index.php\/wp-json\/wp\/v2\/posts\/2542\/revisions"}],"wp:featuredmedia":[{"embeddable":true,"href":"https:\/\/cabinet-renaisens.fr\/index.php\/wp-json\/wp\/v2\/media\/2547"}],"wp:attachment":[{"href":"https:\/\/cabinet-renaisens.fr\/index.php\/wp-json\/wp\/v2\/media?parent=2542"}],"wp:term":[{"taxonomy":"category","embeddable":true,"href":"https:\/\/cabinet-renaisens.fr\/index.php\/wp-json\/wp\/v2\/categories?post=2542"},{"taxonomy":"post_tag","embeddable":true,"href":"https:\/\/cabinet-renaisens.fr\/index.php\/wp-json\/wp\/v2\/tags?post=2542"}],"curies":[{"name":"wp","href":"https:\/\/api.w.org\/{rel}","templated":true}]}}