{"id":2488,"date":"2025-03-19T06:01:00","date_gmt":"2025-03-19T05:01:00","guid":{"rendered":"https:\/\/cabinet-renaisens.fr\/?p=2488"},"modified":"2025-05-11T11:44:57","modified_gmt":"2025-05-11T09:44:57","slug":"le-grand-nettoyage-de-printemps-et-si-on-lappliquait-au-travail","status":"publish","type":"post","link":"https:\/\/cabinet-renaisens.fr\/index.php\/2025\/03\/19\/le-grand-nettoyage-de-printemps-et-si-on-lappliquait-au-travail\/","title":{"rendered":"Nettoyage de Printemps au Bureau!"},"content":{"rendered":"\n<p>Ah, le printemps&#8230; Les journ\u00e9es qui rallongent, les rayons de soleil moins timides, les bourgeons qui pointent le bout de leur nez. Il y a comme un parfum de renouveau dans l\u2019air ! C\u2019est souvent le moment o\u00f9 l\u2019on se lance dans le fameux nettoyage de printemps \u00e0 la maison : on trie, on jette, on r\u00e9organise&#8230;<\/p>\n\n\n\n<p>Et si on appliquait cette belle \u00e9nergie au travail ? Apr\u00e8s tout, notre environnement professionnel aussi m\u00e9rite une bonne remise en ordre apr\u00e8s de longs mois d\u2019hiver pour nous aider \u00e0 y voir plus clair, retrouver de la motivation et all\u00e9ger notre charge mentale. Allez, c\u2019est parti pour un m\u00e9nage de printemps\u2026 au bureau !<\/p>\n\n\n\n<h2 class=\"wp-block-heading\">1. Faire place nette : lib\u00e9rer l\u2019espace pour lib\u00e9rer l\u2019esprit<\/h2>\n\n\n\n<p>Soyons honn\u00eates : qui n\u2019a jamais ressenti une sensation d\u2019\u00e9touffement face \u00e0 un bureau en pagaille, une bo\u00eete mail d\u00e9bordante ou une to-do list \u00e0 rallonge ? Ce d\u00e9sordre ext\u00e9rieur finit g\u00e9n\u00e9ralement par se r\u00e9percuter sur notre \u00e9tat int\u00e9rieur. Et ce n\u2019est pas qu\u2019une impression ! Des \u00e9tudes montrent que les environnements encombr\u00e9s augmentent le stress et la fatigue mentale. Comme le dit si bien Marni Amsellem, psychologue : <em>\u00ab Maintenir de l\u2019ordre est une fa\u00e7on d\u2019exercer une ma\u00eetrise sur son environnement. \u00bb<\/em><\/p>\n\n\n\n<p>\ud83d\udd39 <strong>Astuce pratique<\/strong> : Plut\u00f4t que de vouloir tout ranger d\u2019un coup (et finir par se d\u00e9courager avant m\u00eame d\u2019avoir commenc\u00e9), appliquez la m\u00e9thode des petits pas. Un tiroir aujourd\u2019hui, un dossier demain\u2026 Chaque espace lib\u00e9r\u00e9, c\u2019est un peu de charge mentale en moins !<\/p>\n\n\n\n<h2 class=\"wp-block-heading\">2. Le renouveau : un boost d\u2019\u00e9nergie pour vos projets<\/h2>\n\n\n\n<p>Le printemps, c\u2019est le symbole du renouveau. La nature s\u2019\u00e9veille apr\u00e8s l\u2019hiver, et nous pouvons en faire autant dans notre vie professionnelle ! C\u2019est le moment id\u00e9al pour faire le point : o\u00f9 en \u00eates-vous de vos objectifs ? Vos priorit\u00e9s sont-elles toujours les m\u00eames ? Besoin de changement ?<\/p>\n\n\n\n<p>Prenez un instant pour souffler et r\u00e9\u00e9valuer ce qui vous motive vraiment. Peut-\u00eatre qu\u2019un projet que vous tra\u00eenez depuis des mois ne vous correspond plus. Ou probablement qu\u2019une nouvelle opportunit\u00e9 vous tend les bras, mais que vous n\u2019aviez pas encore pris le temps de la consid\u00e9rer. C\u2019est le moment de r\u00e9aligner votre travail avec ce qui vous fait vibrer.<\/p>\n\n\n\n<p>\ud83d\udca1 <strong>Exemple concret<\/strong> : Pourquoi ne pas profiter de cette p\u00e9riode pour suivre une formation ou revoir l\u2019organisation de votre quotidien pro ? \u00c0 l\u2019image des fleurs qui renaissent apr\u00e8s l\u2019hiver, c\u2019est certainement le moment de vous offrir un peu de renouveau !<\/p>\n\n\n\n<h2 class=\"wp-block-heading\">3. Nettoyer pour mieux respirer : les bienfaits sur la sant\u00e9 mentale<\/h2>\n\n\n\n<p>On parle souvent du grand m\u00e9nage physique, mais saviez-vous que ranger et nettoyer peut aussi avoir un impact positif sur votre bien-\u00eatre mental ? Eh oui, le simple fait de trier, d\u2019organiser, voire de passer un coup de chiffon peut \u00eatre une forme de m\u00e9ditation active. On se concentre sur le moment pr\u00e9sent, on se d\u00e9barrasse de ce qui nous encombre (au sens propre comme au figur\u00e9), et on ressent une satisfaction imm\u00e9diate.<\/p>\n\n\n\n<p>\ud83c\udfb6 <strong>Petit conseil<\/strong> : Transformez votre m\u00e9nage de printemps en rituel bien-\u00eatre ! Mettez une playlist motivante, ouvrez les fen\u00eatres, et savourez chaque geste comme une lib\u00e9ration. Vous verrez, \u00e7a change tout !<\/p>\n\n\n\n<h2 class=\"wp-block-heading\">4. Appliquer la pleine conscience au travail<\/h2>\n\n\n\n<p>Et si ce m\u00e9nage ne concernait pas que votre bureau, mais aussi votre mani\u00e8re de travailler ? Posez-vous ces questions :<\/p>\n\n\n\n<ul class=\"wp-block-list\">\n<li>Qu\u2019est-ce qui fonctionne bien dans mon organisation ?<\/li>\n\n\n\n<li>Qu\u2019est-ce qui pourrait \u00eatre am\u00e9lior\u00e9 ?<\/li>\n\n\n\n<li>Quels outils ou habitudes me freinent au lieu de m\u2019aider ?<\/li>\n<\/ul>\n\n\n\n<p>Faire ce tri mental vous aidera \u00e0 avancer plus sereinement et \u00e0 mieux aligner vos actions avec vos aspirations profondes.<\/p>\n\n\n\n<p>\ud83e\uddd0 <strong>Exercice simple<\/strong> : Pendant que vous triez vos fichiers, demandez-vous : <em>\u00ab Ai-je vraiment besoin de cela ? \u00bb<\/em> Cela peut s\u2019appliquer autant \u00e0 votre bo\u00eete mail qu\u2019\u00e0 certaines habitudes de travail (oui, cette r\u00e9union du lundi matin qui dure une heure, on en parle ?).<\/p>\n\n\n\n<h2 class=\"wp-block-heading\">5. Un bureau rang\u00e9 = des id\u00e9es claires<\/h2>\n\n\n\n<p>C\u2019est prouv\u00e9 : un espace de travail propre et bien organis\u00e9 favorise la concentration, la cr\u00e9ativit\u00e9 et m\u00eame\u2026 un meilleur sommeil ! Moins de distractions, moins de stress, et une sensation d\u2019apaisement qui s\u2019installe naturellement.<\/p>\n\n\n\n<p>\ud83d\udcf8 <strong>Exp\u00e9rience \u00e0 tenter<\/strong> : Prenez une photo de votre bureau avant et apr\u00e8s un bon rangement. Comparez. Ressentez la diff\u00e9rence. Et dites-vous que ce n\u2019est pas juste un gain d\u2019espace, mais un vrai boost pour votre esprit !<\/p>\n\n\n\n<h2 class=\"wp-block-heading\">Conclusion : Offrez-vous un nouveau d\u00e9part<\/h2>\n\n\n\n<p>Que ce soit dans votre maison ou dans votre travail, le nettoyage de printemps n\u2019est pas qu\u2019une corv\u00e9e, c\u2019est une opportunit\u00e9 de repartir sur des bases saines.<\/p>\n\n\n\n<p>Alors, sortez vos balais (ou vos raccourcis clavier), mettez-y un peu d\u2019humour et beaucoup d\u2019amour\u2026 Et laissez le printemps insuffler sa magie dans votre quotidien professionnel ! (Et pourquoi ne pas profiter de cette \u00e9nergie naissante pour entamer ce travail sur soi que vous repoussez depuis des mois !)<\/p>\n\n\n\n<hr class=\"wp-block-separator has-alpha-channel-opacity\"\/>\n\n\n\n<h2 class=\"wp-block-heading\">Bibliographie<\/h2>\n\n\n\n<ul class=\"wp-block-list\">\n<li>Amsellem, M. (2022). <em>Les effets insoup\u00e7onn\u00e9s d\u2019un nettoyage sur notre bien-\u00eatre<\/em>. \u00c9ditions Vogue.<\/li>\n\n\n\n<li>Skinner, E. (2021). <em>Les vertus du m\u00e9nage printanier<\/em>. National Geographic France.<\/li>\n\n\n\n<li>Mahu, P. (2023). <em>Printemps : synonyme de renouveau professionnel<\/em>. Ariadne Coaching.<\/li>\n\n\n\n<li>Society of Personality and Social Psychology (2020). <em>\u00c9tude sur les environnements d\u00e9sordonn\u00e9s et leur impact psychologique<\/em>.<\/li>\n\n\n\n<li>Kaur, T. (2022). <em>M\u00e9nage et sant\u00e9 mentale<\/em>. Stylist France.<\/li>\n<\/ul>\n\n\n\n<div class=\"wp-block-buttons is-content-justification-center is-layout-flex wp-container-core-buttons-is-layout-16018d1d wp-block-buttons-is-layout-flex\">\n<div class=\"wp-block-button\"><a class=\"wp-block-button__link has-luminous-dusk-gradient-background has-background wp-element-button\" href=\"https:\/\/cabinet-renaisens.fr\/index.php\/blog\/?customize_changeset_uuid=66ec9fe2-e167-4527-92ad-c94d9049c35f\">D\u00e9couvrir plus d&rsquo;articles <\/a><\/div>\n\n\n\n<div class=\"wp-block-button\"><a class=\"wp-block-button__link has-midnight-gradient-background has-background wp-element-button\" href=\"https:\/\/calendly.com\/contact-cabinet-renaisens\/rdv-decouverte-30-minutes-telephone-ou-visio?month=2025-05\">RDV d\u00e9couverte gratuit<\/a><\/div>\n<\/div>\n\n\n\n<p><\/p>\n","protected":false},"excerpt":{"rendered":"<p>Ah, le printemps&#8230; Les journ\u00e9es qui rallongent, les rayons de soleil moins timides, les bourgeons qui pointent le bout de leur nez. Il y a comme un parfum de renouveau dans l\u2019air ! C\u2019est souvent le moment o\u00f9 l\u2019on se lance dans le fameux nettoyage de printemps \u00e0 la maison : on trie, on jette, [&hellip;]<\/p>\n","protected":false},"author":2,"featured_media":2491,"comment_status":"closed","ping_status":"closed","sticky":false,"template":"","format":"standard","meta":{"content-type":"","om_disable_all_campaigns":false,"_monsterinsights_skip_tracking":false,"_monsterinsights_sitenote_active":false,"_monsterinsights_sitenote_note":"","_monsterinsights_sitenote_category":0,"iawp_total_views":11,"footnotes":""},"categories":[1],"tags":[],"class_list":["post-2488","post","type-post","status-publish","format-standard","has-post-thumbnail","hentry","category-article"],"aioseo_notices":[],"_links":{"self":[{"href":"https:\/\/cabinet-renaisens.fr\/index.php\/wp-json\/wp\/v2\/posts\/2488","targetHints":{"allow":["GET"]}}],"collection":[{"href":"https:\/\/cabinet-renaisens.fr\/index.php\/wp-json\/wp\/v2\/posts"}],"about":[{"href":"https:\/\/cabinet-renaisens.fr\/index.php\/wp-json\/wp\/v2\/types\/post"}],"author":[{"embeddable":true,"href":"https:\/\/cabinet-renaisens.fr\/index.php\/wp-json\/wp\/v2\/users\/2"}],"replies":[{"embeddable":true,"href":"https:\/\/cabinet-renaisens.fr\/index.php\/wp-json\/wp\/v2\/comments?post=2488"}],"version-history":[{"count":0,"href":"https:\/\/cabinet-renaisens.fr\/index.php\/wp-json\/wp\/v2\/posts\/2488\/revisions"}],"wp:featuredmedia":[{"embeddable":true,"href":"https:\/\/cabinet-renaisens.fr\/index.php\/wp-json\/wp\/v2\/media\/2491"}],"wp:attachment":[{"href":"https:\/\/cabinet-renaisens.fr\/index.php\/wp-json\/wp\/v2\/media?parent=2488"}],"wp:term":[{"taxonomy":"category","embeddable":true,"href":"https:\/\/cabinet-renaisens.fr\/index.php\/wp-json\/wp\/v2\/categories?post=2488"},{"taxonomy":"post_tag","embeddable":true,"href":"https:\/\/cabinet-renaisens.fr\/index.php\/wp-json\/wp\/v2\/tags?post=2488"}],"curies":[{"name":"wp","href":"https:\/\/api.w.org\/{rel}","templated":true}]}}