{"id":2464,"date":"2025-03-08T06:14:00","date_gmt":"2025-03-08T05:14:00","guid":{"rendered":"https:\/\/cabinet-renaisens.fr\/?p=2464"},"modified":"2026-01-21T17:01:15","modified_gmt":"2026-01-21T16:01:15","slug":"celebrons-nos-forces-le-pouvoir-de-lauthenticite-feminine-au-travail","status":"publish","type":"post","link":"https:\/\/cabinet-renaisens.fr\/index.php\/2025\/03\/08\/celebrons-nos-forces-le-pouvoir-de-lauthenticite-feminine-au-travail\/","title":{"rendered":"C\u00e9l\u00e9brons nos forces au travail !"},"content":{"rendered":"\n<p>Le 8 mars, <strong><a href=\"https:\/\/www.education.gouv.fr\/journee-internationale-des-droits-des-femmes-11900?Cookies=true\">Journ\u00e9e internationale des femmes<\/a><\/strong>, est l&rsquo;occasion parfaite pour c\u00e9l\u00e9brer nos forces uniques et r\u00e9fl\u00e9chir \u00e0 la fa\u00e7on dont nous pouvons les utiliser pour cr\u00e9er un environnement de travail plus \u00e9panouissant pour toutes et tous. Alors, mettons de c\u00f4t\u00e9 les doutes et les comparaisons, et plongeons dans ce qui fait notre <strong>force<\/strong> !<\/p>\n\n\n\n<h3 class=\"wp-block-heading\">L&rsquo;authenticit\u00e9 : notre super-pouvoir cach\u00e9<\/h3>\n\n\n\n<p>Vous est-il d\u00e9j\u00e0 arriv\u00e9 de vous sentir comme un poisson hors de l&rsquo;eau dans votre environnement professionnel ? De penser que pour r\u00e9ussir, il fallait adopter un comportement qui ne vous ressemble pas ? Et si je vous disais que votre plus grande <strong>force<\/strong> r\u00e9side justement dans ce qui vous rend unique ?<\/p>\n\n\n\n<p>L&rsquo;authenticit\u00e9, c&rsquo;est ce petit quelque chose qui fait que vos coll\u00e8gues viennent spontan\u00e9ment vous voir pour un conseil, que vos clients vous font confiance, ou que vos id\u00e9es marquent les esprits. C&rsquo;est votre marque de fabrique, votre signature personnelle.<\/p>\n\n\n\n<h3 class=\"wp-block-heading\">Les atouts f\u00e9minins : bien plus qu&rsquo;un clich\u00e9<\/h3>\n\n\n\n<p>On entend souvent parler des <em>\u00ab\u00a0qualit\u00e9s f\u00e9minines\u00a0\u00bb<\/em> comme l&#8217;empathie, la communication ou la capacit\u00e9 \u00e0 faire plusieurs choses \u00e0 la fois. Mais attention aux clich\u00e9s ! Ces qualit\u00e9s ne sont pas l&rsquo;apanage des femmes, et toutes les femmes ne les poss\u00e8dent pas.<\/p>\n\n\n\n<p>Ce qui est certain, c&rsquo;est que chacune d&rsquo;entre nous a d\u00e9velopp\u00e9 des comp\u00e9tences uniques, forg\u00e9es par nos exp\u00e9riences personnelles et professionnelles. Que diriez-vous d&rsquo;explorer les v\u00f4tres ?<\/p>\n\n\n\n<h3 class=\"wp-block-heading\">Exercice : Identifiez vos super-pouvoirs<\/h3>\n\n\n\n<p>Prenez une feuille et notez :<\/p>\n\n\n\n<ol class=\"wp-block-list\">\n<li>Trois situations professionnelles o\u00f9 vous vous \u00eates sentie particuli\u00e8rement fi\u00e8re de vous.<\/li>\n\n\n\n<li>Pour chacune, identifiez les comp\u00e9tences que vous avez mobilis\u00e9es.<\/li>\n\n\n\n<li>Demandez \u00e0 trois personnes de confiance quelles sont, selon elles, vos plus grandes forces.<\/li>\n<\/ol>\n\n\n\n<p>Vous serez surprise de d\u00e9couvrir des talents que vous ne soup\u00e7onniez peut-\u00eatre m\u00eame pas !<\/p>\n\n\n\n<h3 class=\"wp-block-heading\">L&rsquo;intelligence \u00e9motionnelle : un atout majeur<\/h3>\n\n\n\n<p>Saviez-vous que l&rsquo;intelligence \u00e9motionnelle est consid\u00e9r\u00e9e comme l&rsquo;une des comp\u00e9tences les plus recherch\u00e9es par les employeurs ? Bonne nouvelle : en moyenne, les femmes obtiennent des scores plus \u00e9lev\u00e9s que les hommes dans ce domaine.<\/p>\n\n\n\n<p>L&rsquo;intelligence \u00e9motionnelle, c&rsquo;est la capacit\u00e9 \u00e0 reconna\u00eetre et g\u00e9rer ses propres \u00e9motions, mais aussi \u00e0 comprendre et influencer celles des autres. C&rsquo;est un v\u00e9ritable super-pouvoir dans le monde professionnel, qui permet de :<\/p>\n\n\n\n<ul class=\"wp-block-list\">\n<li>G\u00e9rer efficacement le stress<\/li>\n\n\n\n<li>Communiquer de mani\u00e8re claire et empathique<\/li>\n\n\n\n<li>R\u00e9soudre les conflits avec diplomatie<\/li>\n\n\n\n<li>Motiver et inspirer une \u00e9quipe<\/li>\n<\/ul>\n\n\n\n<h3 class=\"wp-block-heading\">Le leadership au f\u00e9minin : osons notre propre style<\/h3>\n\n\n\n<p>Fini le temps o\u00f9 il fallait singer le comportement masculin pour \u00eatre prise au s\u00e9rieux ! Aujourd&rsquo;hui, les styles de leadership les plus efficaces sont ceux qui combinent des qualit\u00e9s traditionnellement associ\u00e9es aux deux genres.<\/p>\n\n\n\n<p>Alors, quel est votre style de leadership ? \u00cates-vous plut\u00f4t :<\/p>\n\n\n\n<ul class=\"wp-block-list\">\n<li>La visionnaire qui inspire ?<\/li>\n\n\n\n<li>La coach qui d\u00e9veloppe les talents ?<\/li>\n\n\n\n<li>La strat\u00e8ge qui anticipe ?<\/li>\n\n\n\n<li>La m\u00e9diatrice qui rassemble ?<\/li>\n<\/ul>\n\n\n\n<p>Quelle que soit votre approche, l&rsquo;important est qu&rsquo;elle vous ressemble et qu&rsquo;elle vous permette d&rsquo;exprimer pleinement votre potentiel.<\/p>\n\n\n\n<h3 class=\"wp-block-heading\">L&rsquo;union fait la force : le pouvoir du r\u00e9seau f\u00e9minin<\/h3>\n\n\n\n<p>Vous connaissez l&rsquo;expression <em>\u00ab\u00a0Seule on va plus vite, ensemble on va plus loin\u00a0\u00bb<\/em> ? C&rsquo;est particuli\u00e8rement vrai dans le monde professionnel. Cr\u00e9er et entretenir un <strong>r\u00e9seau de femmes<\/strong> qui se soutiennent mutuellement peut faire toute la diff\u00e9rence dans votre carri\u00e8re.<\/p>\n\n\n\n<p>Quelques id\u00e9es pour d\u00e9velopper votre sororit\u00e9 professionnelle :<\/p>\n\n\n\n<ul class=\"wp-block-list\">\n<li>Participez \u00e0 des \u00e9v\u00e9nements de networking f\u00e9minin<\/li>\n\n\n\n<li>Mentorer une jeune professionnelle (ou trouvez vous-m\u00eame une mentor)<\/li>\n\n\n\n<li>C\u00e9l\u00e9brez les succ\u00e8s de vos coll\u00e8gues f\u00e9minines<\/li>\n\n\n\n<li>Partagez vos exp\u00e9riences et vos conseils<\/li>\n<\/ul>\n\n\n\n<h3 class=\"wp-block-heading\">Conclusion : Brillez de mille feux !<\/h3>\n\n\n\n<p>Ch\u00e8res lectrices, en cette <strong>Journ\u00e9e internationale des femmes<\/strong>, je vous invite \u00e0 c\u00e9l\u00e9brer ce qui fait votre unicit\u00e9. Vos exp\u00e9riences, vos comp\u00e9tences, votre sensibilit\u00e9 sont autant d&rsquo;atouts qui enrichissent votre environnement professionnel.<\/p>\n\n\n\n<p>Alors, sortez de l&rsquo;ombre, osez briller de mille feux ! Le monde du travail a besoin de votre authenticit\u00e9, de votre cr\u00e9ativit\u00e9, de votre leadership unique. N&rsquo;ayez pas peur d&rsquo;\u00eatre vous-m\u00eame, car c&rsquo;est ainsi que vous ferez la diff\u00e9rence.<\/p>\n\n\n\n<p>Et n&rsquo;oubliez pas : chaque fois qu&rsquo;une femme s&rsquo;affirme, elle ouvre la voie pour toutes les autres. Alors, affirmons-nous ensemble, soutenons-nous mutuellement, et construisons un monde professionnel o\u00f9 chacune peut s&rsquo;\u00e9panouir pleinement.<\/p>\n\n\n\n<p>Joyeuse <strong>Journ\u00e9e internationale des femmes<\/strong> \u00e0 toutes !<\/p>\n\n\n\n<h3 class=\"wp-block-heading\">Bibliographie<\/h3>\n\n\n\n<ol class=\"wp-block-list\">\n<li>Goleman, D. (1995). <em>L&rsquo;intelligence \u00e9motionnelle<\/em>. Paris : J&rsquo;ai lu.<\/li>\n\n\n\n<li>Sandberg, S. (2013). <em>En avant toutes : Les femmes, le travail et le pouvoir.<\/em> Paris : JC Latt\u00e8s.<\/li>\n\n\n\n<li>Morin, E. M., &amp; Forest, J. (2007). <em>Promouvoir la sant\u00e9 mentale au travail : donner un sens au travail.<\/em> Gestion, 32(2), 31-36.<\/li>\n\n\n\n<li>Eagly, A. H., &amp; Carli, L. L. (2007). <em>Through the labyrinth: The truth about how women become leaders.<\/em> Harvard Business Press.<\/li>\n\n\n\n<li>Grant, H. (2021). <em>Think Again: The Power of Knowing What You Don&rsquo;t Know.<\/em> New York : Viking.<\/li>\n\n\n\n<li>Fredrickson, B. (2009). <em>Positivity: Top-Notch Research Reveals the 3-to-1 Ratio That Will Change Your Life. <\/em>New York : Three Rivers Press.<\/li>\n<\/ol>\n\n\n\n<div class=\"wp-block-buttons is-content-justification-center is-layout-flex wp-container-core-buttons-is-layout-16018d1d wp-block-buttons-is-layout-flex\">\n<div class=\"wp-block-button\"><a class=\"wp-block-button__link has-luminous-dusk-gradient-background has-background wp-element-button\" href=\"https:\/\/cabinet-renaisens.fr\/index.php\/blog\/\">D\u00e9couvrez d&rsquo;autres articles<\/a><\/div>\n\n\n\n<div class=\"wp-block-button\"><a class=\"wp-block-button__link has-midnight-gradient-background has-background wp-element-button\" href=\"https:\/\/calendly.com\/contact-cabinet-renaisens\/rdv-decouverte-30-minutes-telephone-ou-visio?month=2025-05\">RDV d\u00e9couverte gratuit<\/a><\/div>\n<\/div>\n\n\n\n<p><\/p>\n","protected":false},"excerpt":{"rendered":"<p>Le 8 mars, Journ\u00e9e internationale des femmes, est l&rsquo;occasion parfaite pour c\u00e9l\u00e9brer nos forces uniques et r\u00e9fl\u00e9chir \u00e0 la fa\u00e7on dont nous pouvons les utiliser pour cr\u00e9er un environnement de travail plus \u00e9panouissant pour toutes et tous. Alors, mettons de c\u00f4t\u00e9 les doutes et les comparaisons, et plongeons dans ce qui fait notre force ! [&hellip;]<\/p>\n","protected":false},"author":2,"featured_media":2466,"comment_status":"closed","ping_status":"closed","sticky":false,"template":"","format":"standard","meta":{"content-type":"","om_disable_all_campaigns":false,"_monsterinsights_skip_tracking":false,"_monsterinsights_sitenote_active":false,"_monsterinsights_sitenote_note":"","_monsterinsights_sitenote_category":0,"iawp_total_views":18,"footnotes":""},"categories":[1],"tags":[],"class_list":["post-2464","post","type-post","status-publish","format-standard","has-post-thumbnail","hentry","category-article"],"aioseo_notices":[],"_links":{"self":[{"href":"https:\/\/cabinet-renaisens.fr\/index.php\/wp-json\/wp\/v2\/posts\/2464","targetHints":{"allow":["GET"]}}],"collection":[{"href":"https:\/\/cabinet-renaisens.fr\/index.php\/wp-json\/wp\/v2\/posts"}],"about":[{"href":"https:\/\/cabinet-renaisens.fr\/index.php\/wp-json\/wp\/v2\/types\/post"}],"author":[{"embeddable":true,"href":"https:\/\/cabinet-renaisens.fr\/index.php\/wp-json\/wp\/v2\/users\/2"}],"replies":[{"embeddable":true,"href":"https:\/\/cabinet-renaisens.fr\/index.php\/wp-json\/wp\/v2\/comments?post=2464"}],"version-history":[{"count":0,"href":"https:\/\/cabinet-renaisens.fr\/index.php\/wp-json\/wp\/v2\/posts\/2464\/revisions"}],"wp:featuredmedia":[{"embeddable":true,"href":"https:\/\/cabinet-renaisens.fr\/index.php\/wp-json\/wp\/v2\/media\/2466"}],"wp:attachment":[{"href":"https:\/\/cabinet-renaisens.fr\/index.php\/wp-json\/wp\/v2\/media?parent=2464"}],"wp:term":[{"taxonomy":"category","embeddable":true,"href":"https:\/\/cabinet-renaisens.fr\/index.php\/wp-json\/wp\/v2\/categories?post=2464"},{"taxonomy":"post_tag","embeddable":true,"href":"https:\/\/cabinet-renaisens.fr\/index.php\/wp-json\/wp\/v2\/tags?post=2464"}],"curies":[{"name":"wp","href":"https:\/\/api.w.org\/{rel}","templated":true}]}}