{"id":2446,"date":"2025-02-24T17:10:22","date_gmt":"2025-02-24T16:10:22","guid":{"rendered":"https:\/\/cabinet-renaisens.fr\/?p=2446"},"modified":"2026-02-08T16:56:32","modified_gmt":"2026-02-08T15:56:32","slug":"la-connaissance-de-soi-un-levier-pour-lepanouissement-professionnel","status":"publish","type":"post","link":"https:\/\/cabinet-renaisens.fr\/index.php\/2025\/02\/24\/la-connaissance-de-soi-un-levier-pour-lepanouissement-professionnel\/","title":{"rendered":"La connaissance de soi  et \u00e9panouissement pro"},"content":{"rendered":"\n<p>La connaissance de soi est un pilier fondamental du d\u00e9veloppement personnel et professionnel. Elle permet aux employ\u00e9s de mieux comprendre leurs forces, leurs valeurs et leurs passions, favorisant ainsi un meilleur alignement entre leur travail et leur identit\u00e9. Selon Martin Seligman, le p\u00e8re de la psychologie positive, <em>\u00ab\u00a0Le bonheur authentique d\u00e9coule de l&rsquo;identification et de la cultivation de nos forces les plus fondamentales et leur utilisation quotidienne dans le travail, l&rsquo;amour, le jeu et l&rsquo;\u00e9ducation\u00a0\u00bb<\/em>.<\/p>\n\n\n\n<p>Afin d&rsquo;accompagner les salari\u00e9s au quotidien, nous vous proposons quelques exercices inspir\u00e9s de la psychologie positive pour les aider \u00e0 approfondir leur connaissance de soi :<\/p>\n\n\n\n<h3 class=\"wp-block-heading\">1.&nbsp;L&rsquo;inventaire des forces de caract\u00e8re<\/h3>\n\n\n\n<p>Cet exercice, bas\u00e9 sur les travaux de Seligman et Peterson, consiste \u00e0 identifier ses principales forces de caract\u00e8re. Les employ\u00e9s peuvent utiliser le questionnaire <a href=\"https:\/\/www.viacharacter.org\/\">VIA (Values in Action)<\/a> disponible en ligne pour d\u00e9couvrir leurs forces dominantes.&nbsp;Une fois identifi\u00e9es, ils peuvent r\u00e9fl\u00e9chir \u00e0 la fa\u00e7on de les utiliser davantage dans leur travail quotidien.<\/p>\n\n\n\n<h3 class=\"wp-block-heading\">2.&nbsp;Le \u00ab\u00a0vision board\u00a0\u00bb de d\u00e9veloppement personnel<\/h3>\n\n\n\n<p>Cr\u00e9er un \u00ab\u00a0vision board\u00a0\u00bb ax\u00e9 sur le d\u00e9veloppement personnel et professionnel peut aider les employ\u00e9s \u00e0 visualiser leurs objectifs et \u00e0 aligner leurs actions quotidiennes avec leurs aspirations \u00e0 long terme.&nbsp;Cette technique stimule la r\u00e9flexion sur les valeurs personnelles et les objectifs de carri\u00e8re.<\/p>\n\n\n\n<h3 class=\"wp-block-heading\">3.&nbsp;La pratique de la gratitude<\/h3>\n\n\n\n<p>Tenir un journal de gratitude, en notant r\u00e9guli\u00e8rement trois choses positives li\u00e9es au travail, peut aider \u00e0 d\u00e9velopper une plus grande conscience de soi et \u00e0 identifier les aspects du travail qui sont les plus align\u00e9s avec les valeurs personnelles.<\/p>\n\n\n\n<h3 class=\"wp-block-heading\">4.&nbsp;L&rsquo;exercice des \u00ab\u00a03 pourquoi\u00a0\u00bb<\/h3>\n\n\n\n<p>Cette technique consiste \u00e0 se demander \u00ab\u00a0pourquoi\u00a0\u00bb trois fois de suite face \u00e0 une situation ou une \u00e9motion. Elle permet d&rsquo;approfondir la compr\u00e9hension de ses motivations et de ses r\u00e9actions \u00e9motionnelles au travail.<\/p>\n\n\n\n<h3 class=\"wp-block-heading\">5.&nbsp;La r\u00e9flexion sur les moments de \u00ab\u00a0flow\u00a0\u00bb<\/h3>\n\n\n\n<p>Demandez aux employ\u00e9s de r\u00e9fl\u00e9chir aux moments o\u00f9 ils se sentent compl\u00e8tement absorb\u00e9s et \u00e9panouis dans leur travail. Ces moments de \u00ab\u00a0flow\u00a0\u00bb, concept d\u00e9velopp\u00e9 par Mihaly Csikszentmihalyi, sont souvent r\u00e9v\u00e9lateurs des passions et des talents naturels.<\/p>\n\n\n\n<h3 class=\"wp-block-heading\">6.&nbsp;L&rsquo;exploration des valeurs professionnelles<\/h3>\n\n\n\n<p>Proposez aux employ\u00e9s de classer par ordre d&rsquo;importance une liste de valeurs professionnelles (autonomie, cr\u00e9ativit\u00e9, s\u00e9curit\u00e9, etc.). Cet exercice les aidera \u00e0 identifier ce qui est vraiment important pour eux dans leur carri\u00e8re.<\/p>\n\n\n\n<h3 class=\"wp-block-heading\">L&rsquo;impact sur le bien-\u00eatre professionnel<\/h3>\n\n\n\n<p>Une meilleure connaissance de soi a des effets positifs significatifs sur le bien-\u00eatre au travail :<\/p>\n\n\n\n<ul class=\"wp-block-list\">\n<li>Augmentation de la satisfaction professionnelle<\/li>\n\n\n\n<li>Am\u00e9lioration des relations avec les coll\u00e8gues et les sup\u00e9rieurs<\/li>\n\n\n\n<li>R\u00e9duction du stress et de l&rsquo;anxi\u00e9t\u00e9<\/li>\n\n\n\n<li>Meilleure prise de d\u00e9cision et r\u00e9solution de probl\u00e8mes<\/li>\n<\/ul>\n\n\n\n<p>La connaissance de soi est un voyage continu. En pratiquant r\u00e9guli\u00e8rement ces exercices et en restant ouvert \u00e0 l&rsquo;apprentissage, vous pouvez d\u00e9velopper une compr\u00e9hension plus profonde de vous-m\u00eame et naviguer plus efficacement dans votre carri\u00e8re et votre vie personnelle.<\/p>\n\n\n\n<p>En mettant en place ces exercices, les entreprises peuvent cr\u00e9er un environnement propice \u00e0 l&rsquo;\u00e9panouissement de leurs employ\u00e9s, ce qui se traduit par une plus grande productivit\u00e9 et un meilleur engagement.. Comme le souligne Daniel Goleman, <em>\u00ab\u00a0La conscience de soi est le fondement de l&rsquo;intelligence \u00e9motionnelle et la cl\u00e9 d&rsquo;une performance optimale au travail\u00a0\u00bb<\/em>.<\/p>\n\n\n\n<p>La connaissance de soi n&rsquo;est pas seulement b\u00e9n\u00e9fique pour les individus, mais aussi pour les organisations. <strong>Des employ\u00e9s qui comprennent mieux leurs forces et leurs valeurs sont plus engag\u00e9s, plus productifs et plus satisfaits dans leur travail. <\/strong>Investir dans le d\u00e9veloppement de la connaissance de soi est donc un investissement gagnant-gagnant pour les entreprises et leurs collaborateurs.<\/p>\n\n\n\n<p>En tant que psychologue et experte en psychologie positive au travail, je propose des ateliers et des formations pour aider les entreprises \u00e0 mettre en place ces pratiques. N&rsquo;h\u00e9sitez pas \u00e0 me contacter pour en savoir plus sur la fa\u00e7on dont nous pouvons travailler ensemble pour favoriser l&rsquo;\u00e9panouissement de vos \u00e9quipes.<\/p>\n\n\n\n<p><\/p>\n\n\n\n<h3 class=\"wp-block-heading\"><em>SOURCES<\/em><\/h3>\n\n\n\n<ul class=\"wp-block-list\">\n<li>Covey, S. R. (2012).&nbsp;<em>Les 7 habitudes des gens efficaces<\/em>. Alexandre Stank\u00e9.<\/li>\n\n\n\n<li>Eurich, T. (2017). <em>Insight: The Power of Self-Awareness in a Self-Deluded World.<\/em> Crown Business.<\/li>\n\n\n\n<li>Csikszentmihalyi, M. (2006).&nbsp;<em>Vivre &#8211; La Psychologie Du Bonheur<\/em>. R\u00e9ponses Robert Laffont. Pocket.<\/li>\n\n\n\n<li>Goleman, D. (1999).&nbsp;<em>L&rsquo;Intelligence \u00e9motionnelle : Comment transformer ses \u00e9motions en intelligence<\/em>. J&rsquo;ai Lu.<\/li>\n\n\n\n<li>Marroy, B. L. (2013). <em>Alchemy 365: A Self-Awareness Workbook. <\/em>CreateSpace Independent Publishing Platform.<\/li>\n\n\n\n<li>Nepo, M. (2000). <em>The Book of Awakening.<\/em> Conari Press.<\/li>\n\n\n\n<li>Seligman, M. E. P. (2013).&nbsp;<em>S&rsquo;\u00e9panouir : Pour un nouvel art du bonheur et du bien-\u00eatre<\/em>. Belfond.&nbsp;<\/li>\n\n\n\n<li>Seligman, M. E. P. (2011). <em>Authentic Happiness: Using the New Positive Psychology to Realize Your Potential for Lasting Fulfillment.<\/em> Free Press<\/li>\n<\/ul>\n\n\n\n<div class=\"wp-block-buttons is-content-justification-center is-layout-flex wp-container-core-buttons-is-layout-16018d1d wp-block-buttons-is-layout-flex\">\n<div class=\"wp-block-button\"><a class=\"wp-block-button__link has-luminous-dusk-gradient-background has-background wp-element-button\" href=\"https:\/\/cabinet-renaisens.fr\/index.php\/blog\/\">D\u00e9couvrez d&rsquo;autres articles<\/a><\/div>\n\n\n\n<div class=\"wp-block-button\"><a class=\"wp-block-button__link has-midnight-gradient-background has-background wp-element-button\" href=\"https:\/\/calendly.com\/contact-cabinet-renaisens\/rdv-decouverte-30-minutes-telephone-ou-visio?month=2025-05\">RDV d\u00e9couverte gratuit<\/a><\/div>\n<\/div>\n\n\n\n<p><\/p>\n","protected":false},"excerpt":{"rendered":"<p>La connaissance de soi est un pilier fondamental du d\u00e9veloppement personnel et professionnel. Elle permet aux employ\u00e9s de mieux comprendre leurs forces, leurs valeurs et leurs passions, favorisant ainsi un meilleur alignement entre leur travail et leur identit\u00e9. Selon Martin Seligman, le p\u00e8re de la psychologie positive, \u00ab\u00a0Le bonheur authentique d\u00e9coule de l&rsquo;identification et de [&hellip;]<\/p>\n","protected":false},"author":2,"featured_media":2453,"comment_status":"closed","ping_status":"closed","sticky":false,"template":"","format":"standard","meta":{"content-type":"","om_disable_all_campaigns":false,"_monsterinsights_skip_tracking":false,"_monsterinsights_sitenote_active":false,"_monsterinsights_sitenote_note":"","_monsterinsights_sitenote_category":0,"iawp_total_views":18,"footnotes":""},"categories":[1],"tags":[],"class_list":["post-2446","post","type-post","status-publish","format-standard","has-post-thumbnail","hentry","category-article"],"aioseo_notices":[],"_links":{"self":[{"href":"https:\/\/cabinet-renaisens.fr\/index.php\/wp-json\/wp\/v2\/posts\/2446","targetHints":{"allow":["GET"]}}],"collection":[{"href":"https:\/\/cabinet-renaisens.fr\/index.php\/wp-json\/wp\/v2\/posts"}],"about":[{"href":"https:\/\/cabinet-renaisens.fr\/index.php\/wp-json\/wp\/v2\/types\/post"}],"author":[{"embeddable":true,"href":"https:\/\/cabinet-renaisens.fr\/index.php\/wp-json\/wp\/v2\/users\/2"}],"replies":[{"embeddable":true,"href":"https:\/\/cabinet-renaisens.fr\/index.php\/wp-json\/wp\/v2\/comments?post=2446"}],"version-history":[{"count":0,"href":"https:\/\/cabinet-renaisens.fr\/index.php\/wp-json\/wp\/v2\/posts\/2446\/revisions"}],"wp:featuredmedia":[{"embeddable":true,"href":"https:\/\/cabinet-renaisens.fr\/index.php\/wp-json\/wp\/v2\/media\/2453"}],"wp:attachment":[{"href":"https:\/\/cabinet-renaisens.fr\/index.php\/wp-json\/wp\/v2\/media?parent=2446"}],"wp:term":[{"taxonomy":"category","embeddable":true,"href":"https:\/\/cabinet-renaisens.fr\/index.php\/wp-json\/wp\/v2\/categories?post=2446"},{"taxonomy":"post_tag","embeddable":true,"href":"https:\/\/cabinet-renaisens.fr\/index.php\/wp-json\/wp\/v2\/tags?post=2446"}],"curies":[{"name":"wp","href":"https:\/\/api.w.org\/{rel}","templated":true}]}}