{"id":2423,"date":"2025-02-19T17:28:26","date_gmt":"2025-02-19T16:28:26","guid":{"rendered":"https:\/\/cabinet-renaisens.fr\/?p=2423"},"modified":"2026-01-21T16:49:30","modified_gmt":"2026-01-21T15:49:30","slug":"3-etapes-pour-un-hiver-serein-votre-kit-de-survie-emotionnelle-anti-blues","status":"publish","type":"post","link":"https:\/\/cabinet-renaisens.fr\/index.php\/2025\/02\/19\/3-etapes-pour-un-hiver-serein-votre-kit-de-survie-emotionnelle-anti-blues\/","title":{"rendered":"Hiver serein : vaincre le blues saisonnier"},"content":{"rendered":"\n<p>L&rsquo;hiver est souvent synonyme de baisse d&rsquo;\u00e9nergie, de moral en berne et d&rsquo;envie de se terrer sous la couette. Mais plut\u00f4t que de subir cette saison, pourquoi ne pas la transformer en une opportunit\u00e9 de prendre soin de vous et de cultiver votre bien-\u00eatre \u00e9motionnel pour vivre un hiver serein ?<\/p>\n\n\n\n<p>Dans cet article, je vous propose un kit de survie \u00e9motionnelle (inspir\u00e9 des apports de la psychologie positive) en 3 \u00e9tapes simples et efficaces pour affronter l&rsquo;hiver avec s\u00e9r\u00e9nit\u00e9.<\/p>\n\n\n\n<p><strong>\u00c9tape 1: Diagnostic \u00e9motionnel &#8211; \u00c9coutez votre m\u00e9t\u00e9o int\u00e9rieure<\/strong><\/p>\n\n\n\n<p>Avant de partir \u00e0 l&rsquo;assaut de l&rsquo;hiver, il est essentiel de faire le point sur votre \u00e9tat \u00e9motionnel actuel. Prenez quelques minutes pour vous poser et r\u00e9pondre \u00e0 ces questions :<\/p>\n\n\n\n<ul class=\"wp-block-list\">\n<li>Sur une \u00e9chelle de 1 \u00e0 10, comment vous sentez-vous aujourd&rsquo;hui ?<\/li>\n\n\n\n<li>Quelles \u00e9motions pr\u00e9dominent (joie, tristesse, col\u00e8re, peur, etc.) ?<\/li>\n\n\n\n<li>Quels sont les facteurs qui contribuent \u00e0 votre \u00e9tat \u00e9motionnel (manque de lumi\u00e8re, stress au travail, relations difficiles, etc.) ?<\/li>\n<\/ul>\n\n\n\n<p>En comprenant mieux votre m\u00e9t\u00e9o int\u00e9rieure, vous serez en mesure de mieux cibler vos besoins et de mettre en place des actions adapt\u00e9es.<\/p>\n\n\n\n<p><strong>\u00c9tape 2: Rituel \u00ab\u00a0boost\u00a0\u00bb personnalis\u00e9 &#8211; Cr\u00e9ez votre bulle de bonheur<\/strong><\/p>\n\n\n\n<p>Maintenant que vous avez identifi\u00e9 vos besoins, il est temps de vous accorder un moment de plaisir et de d\u00e9tente. Choisissez une activit\u00e9 qui vous apporte de la joie et planifiez-la dans votre agenda. Voici quelques id\u00e9es :<\/p>\n\n\n\n<ul class=\"wp-block-list\">\n<li>\u00c9couter votre musique pr\u00e9f\u00e9r\u00e9e et danser comme si personne ne vous regardait.<\/li>\n\n\n\n<li>Lire un livre inspirant ou un article de blog motivant (comme celui-ci \ud83d\ude09).<\/li>\n\n\n\n<li>Pr\u00e9parer une boisson chaude r\u00e9confortante (chocolat chaud, th\u00e9, tisane) et savourer chaque gorg\u00e9e.<\/li>\n\n\n\n<li>Pratiquer un exercice de respiration ou de m\u00e9ditation guid\u00e9e pour apaiser votre esprit.<\/li>\n\n\n\n<li>Passer du temps avec un \u00eatre cher ou un animal de compagnie pour vous sentir connect\u00e9 et aim\u00e9.<\/li>\n<\/ul>\n\n\n\n<p>L&rsquo;objectif est de cr\u00e9er une bulle de bonheur dans laquelle vous pourrez vous ressourcer et faire le plein d&rsquo;\u00e9nergie positive.<\/p>\n\n\n\n<p><strong>\u00c9tape 3: \u00ab\u00a0Pens\u00e9e positive du jour\u00a0\u00bb &#8211; Programmez votre cerveau pour le succ\u00e8s<\/strong><\/p>\n\n\n\n<p>Chaque matin, choisissez une affirmation positive qui vous inspire et r\u00e9p\u00e9tez-la plusieurs fois tout au long de la journ\u00e9e. Vous pouvez \u00e9galement la noter sur un post-it et la placer \u00e0 un endroit visible pour vous rappeler votre potentiel. Voici quelques exemples :<\/p>\n\n\n\n<ul class=\"wp-block-list\">\n<li>\u00ab\u00a0Je suis capable de surmonter tous les d\u00e9fis.\u00a0\u00bb<\/li>\n\n\n\n<li>\u00ab\u00a0Je suis reconnaissant pour toutes les bonnes choses dans ma vie.\u00a0\u00bb<\/li>\n\n\n\n<li>\u00ab\u00a0Je suis digne d&rsquo;amour et de bonheur.\u00a0\u00bb<\/li>\n\n\n\n<li>\u00ab\u00a0Je suis ma\u00eetre de mes \u00e9motions et je choisis la joie.\u00a0\u00bb<\/li>\n<\/ul>\n\n\n\n<p>En r\u00e9p\u00e9tant ces affirmations, vous reprogrammez votre cerveau pour le succ\u00e8s et vous renforcez votre estime de soi.<\/p>\n\n\n\n<p>Conclusion&nbsp;:<\/p>\n\n\n\n<p>L&rsquo;hiver n&rsquo;est pas une fatalit\u00e9 ! Avec ce kit de survie \u00e9motionnelle en 3 \u00e9tapes, vous avez toutes les cl\u00e9s en main pour traverser cette saison, vivre un hiver serein et cultiver votre bien-\u00eatre au quotidien. Alors, pr\u00eat(e) \u00e0 relever le d\u00e9fi ?<\/p>\n\n\n\n<p><em>SOURCES&nbsp;: <\/em><\/p>\n\n\n\n<ol class=\"wp-block-list\">\n<li>Seligman, M. E. P. (2011). Vivre la psychologie positive. InterEditions.<\/li>\n\n\n\n<li>Seligman, M. E. P. (2013). S&rsquo;\u00e9panouir : Pour un nouvel art du bonheur et du bien-\u00eatre. Belfond.<\/li>\n\n\n\n<li>Csikszentmihalyi, M. (2004). Vivre : La psychologie du bonheur. Robert Laffont.<\/li>\n\n\n\n<li>Emmons, R. A., &amp; McCullough, M. E. (2003). Counting blessings versus burdens: An experimental investigation of gratitude and subjective well-being in daily life. Journal of Personality and Social Psychology, 84(2), 377\u2013389.<\/li>\n\n\n\n<li>Kabat-Zinn, J. (2009). Au c\u0153ur de la tourmente, la pleine conscience : MBSR, la r\u00e9duction du stress bas\u00e9e sur la mindfulness : programme complet en 8 semaines. De Boeck.<\/li>\n\n\n\n<li>Peterson, C., &amp; Seligman, M. E. P. (2004). Character strengths and virtues: A handbook and classification. Oxford University Press.<\/li>\n\n\n\n<li>Fredrickson, B. L. (2009). Positivity: Groundbreaking Research Reveals How to Embrace the Hidden Strength of Positive Emotions, Overcome Negativity, and Thrive. Crown.<\/li>\n\n\n\n<li>Lyubomirsky, S. (2008). Comment \u00eatre heureux&#8230; et le rester : Une m\u00e9thode scientifiquement prouv\u00e9e. Flammarion.<\/li>\n<\/ol>\n\n\n\n<div class=\"wp-block-buttons is-content-justification-center is-layout-flex wp-container-core-buttons-is-layout-16018d1d wp-block-buttons-is-layout-flex\">\n<div class=\"wp-block-button\"><a class=\"wp-block-button__link has-luminous-dusk-gradient-background has-background wp-element-button\" href=\"https:\/\/cabinet-renaisens.fr\/index.php\/blog\/?customize_changeset_uuid=66ec9fe2-e167-4527-92ad-c94d9049c35f\">D\u00e9couvrez d&rsquo;autres articles<\/a><\/div>\n\n\n\n<div class=\"wp-block-button\"><a class=\"wp-block-button__link has-midnight-gradient-background has-background wp-element-button\" href=\"https:\/\/calendly.com\/contact-cabinet-renaisens\/rdv-decouverte-30-minutes-telephone-ou-visio?month=2025-05\">RDV d\u00e9couverte gratuit<\/a><\/div>\n<\/div>\n","protected":false},"excerpt":{"rendered":"<p>L&rsquo;hiver est souvent synonyme de baisse d&rsquo;\u00e9nergie, de moral en berne et d&rsquo;envie de se terrer sous la couette. Mais plut\u00f4t que de subir cette saison, pourquoi ne pas la transformer en une opportunit\u00e9 de prendre soin de vous et de cultiver votre bien-\u00eatre \u00e9motionnel pour vivre un hiver serein ? Dans cet article, je [&hellip;]<\/p>\n","protected":false},"author":2,"featured_media":2425,"comment_status":"closed","ping_status":"closed","sticky":false,"template":"","format":"standard","meta":{"content-type":"","om_disable_all_campaigns":false,"_monsterinsights_skip_tracking":false,"_monsterinsights_sitenote_active":false,"_monsterinsights_sitenote_note":"","_monsterinsights_sitenote_category":0,"iawp_total_views":5,"footnotes":""},"categories":[1],"tags":[],"class_list":["post-2423","post","type-post","status-publish","format-standard","has-post-thumbnail","hentry","category-article"],"aioseo_notices":[],"_links":{"self":[{"href":"https:\/\/cabinet-renaisens.fr\/index.php\/wp-json\/wp\/v2\/posts\/2423","targetHints":{"allow":["GET"]}}],"collection":[{"href":"https:\/\/cabinet-renaisens.fr\/index.php\/wp-json\/wp\/v2\/posts"}],"about":[{"href":"https:\/\/cabinet-renaisens.fr\/index.php\/wp-json\/wp\/v2\/types\/post"}],"author":[{"embeddable":true,"href":"https:\/\/cabinet-renaisens.fr\/index.php\/wp-json\/wp\/v2\/users\/2"}],"replies":[{"embeddable":true,"href":"https:\/\/cabinet-renaisens.fr\/index.php\/wp-json\/wp\/v2\/comments?post=2423"}],"version-history":[{"count":0,"href":"https:\/\/cabinet-renaisens.fr\/index.php\/wp-json\/wp\/v2\/posts\/2423\/revisions"}],"wp:featuredmedia":[{"embeddable":true,"href":"https:\/\/cabinet-renaisens.fr\/index.php\/wp-json\/wp\/v2\/media\/2425"}],"wp:attachment":[{"href":"https:\/\/cabinet-renaisens.fr\/index.php\/wp-json\/wp\/v2\/media?parent=2423"}],"wp:term":[{"taxonomy":"category","embeddable":true,"href":"https:\/\/cabinet-renaisens.fr\/index.php\/wp-json\/wp\/v2\/categories?post=2423"},{"taxonomy":"post_tag","embeddable":true,"href":"https:\/\/cabinet-renaisens.fr\/index.php\/wp-json\/wp\/v2\/tags?post=2423"}],"curies":[{"name":"wp","href":"https:\/\/api.w.org\/{rel}","templated":true}]}}