{"id":2141,"date":"2025-01-27T12:53:02","date_gmt":"2025-01-27T11:53:02","guid":{"rendered":"https:\/\/cabinet-renaisens.fr\/?p=2141"},"modified":"2025-05-11T13:52:26","modified_gmt":"2025-05-11T11:52:26","slug":"souffrance-au-travail","status":"publish","type":"post","link":"https:\/\/cabinet-renaisens.fr\/index.php\/2025\/01\/27\/souffrance-au-travail\/","title":{"rendered":"Souffrance au travail : et si vous preniez soin de vous ?"},"content":{"rendered":"\n<h3 class=\"wp-block-heading\">Le tabou de la souffrance au travail<\/h3>\n\n\n\n<p>La souffrance au travail peut se manifester sous diverses formes : stress chronique, burn-out, conflits interpersonnels, ou perte de sens. D&rsquo;apr\u00e8s l&rsquo;Organisation Mondiale de la Sant\u00e9 (OMS), <strong>le stress professionnel est devenu un v\u00e9ritable enjeu de sant\u00e9 publique, touchant pr\u00e8s de 28 % des salari\u00e9s en Europe<\/strong>. Pourtant, ce sujet reste souvent tabou. Beaucoup h\u00e9sitent \u00e0 parler de leur mal-\u00eatre, par peur d&rsquo;\u00eatre jug\u00e9s ou par croyance qu&rsquo;ils doivent \u00ab\u00a0tenir bon\u00a0\u00bb.<\/p>\n\n\n\n<p>Et si nous changeons cette vision ? Si nous acceptons que demander de l&rsquo;aide n&rsquo;est pas un signe de faiblesse, mais un acte de courage et d&rsquo;amour pour soi-m\u00eame ? Un accompagnement psychologique ou un coaching peut transformer ces moments difficiles en opportunit\u00e9 de se reconstruire et d&rsquo;avancer.<\/p>\n\n\n\n<h3 class=\"wp-block-heading\">L\u2019impact de la souffrance au travail sur la vie quotidienne<\/h3>\n\n\n\n<p>La souffrance au travail ne reste jamais confin\u00e9e \u00e0 la sph\u00e8re professionnelle. Elle d\u00e9borde, affectant tous les aspects de notre vie :<\/p>\n\n\n\n<ul class=\"wp-block-list\">\n<li><strong>Sur le plan mental et physique :<\/strong> Fatigue extr\u00eame, troubles du sommeil, anxi\u00e9t\u00e9, irritabilit\u00e9, voire sympt\u00f4mes d\u00e9pressifs. Selon une \u00e9tude de Sant\u00e9 Publique France, <strong>pr\u00e8s de 25 % des arr\u00eats de travail sont li\u00e9s \u00e0 des troubles psychologiques<\/strong>.<\/li>\n\n\n\n<li><strong>Sur le plan personnel :<\/strong> La souffrance engendre fr\u00e9quemment des tensions dans les relations familiales ou amicales, pouvant provoquer un isolement social.<\/li>\n\n\n\n<li><strong>Sur le plan professionnel :<\/strong> Difficult\u00e9s \u00e0 se concentrer, baisse de motivation, erreurs r\u00e9p\u00e9t\u00e9es ou d\u00e9sengagement total.<\/li>\n<\/ul>\n\n\n\n<p>Ne pas agir \u00e0 un co\u00fbt \u00e9lev\u00e9. Pourtant, il est possible de sortir de cette spirale en s&rsquo;autorisant \u00e0 demander de l&rsquo;aide.<\/p>\n\n\n\n<p>Souvent, par m\u00e9canismes de d\u00e9fense, il est plus facile d&rsquo;ignorer les signes de souffrance et d&rsquo;avancer co\u00fbte que co\u00fbte. Mais lorsque l&rsquo;esprit n&rsquo;\u00e9coute pas, le corps finit par dire stop. C&rsquo;\u00e9tait le cas de P., qui m&rsquo;a consult\u00e9 qu&rsquo;apr\u00e8s un \u00e9puisement total. Gr\u00e2ce \u00e0 un accompagnement, elle a pu se reconstruire, mais n&rsquo;aurait-elle pas \u00e9vit\u00e9 de lourds probl\u00e8mes de sant\u00e9 en s&rsquo;autorisant \u00e0 agir plus t\u00f4t ?<\/p>\n\n\n\n<h3 class=\"wp-block-heading\">Pourquoi envisager un accompagnement ?<\/h3>\n\n\n\n<p>Lorsque la souffrance devient trop lourde, un accompagnement peut \u00eatre une v\u00e9ritable bou\u00e9e de sauvetage. Deux approches principales existantes :<\/p>\n\n\n\n<ul class=\"wp-block-list\">\n<li><strong>Le suivi psychologique :<\/strong> Un espace pour explorer ses \u00e9motions, comprendre les causes profondes de son mal-\u00eatre et travailler sur les blessures ou croyances qui freinent l&rsquo;\u00e9panouissement.<\/li>\n\n\n\n<li><strong>Le coaching :<\/strong> Orient\u00e9 vers l&rsquo;action, il aide \u00e0 d\u00e9finir des objectifs concrets, \u00e0 identifier les blocages et \u00e0 construire des strat\u00e9gies pour les surmonter.<\/li>\n<\/ul>\n\n\n\n<p>Ces deux approches, souvent compl\u00e9mentaires, permettent d&rsquo;agir \u00e0 la fois sur les racines du probl\u00e8me et sur les moyens concrets de progresser.<\/p>\n\n\n\n<p><em>Par exemple, lors d&rsquo;un accompagnement, j&rsquo;ai pu aider une personne \u00e0 identifier des sch\u00e9mas r\u00e9p\u00e9titifs dans ses relations professionnelles. En combinant psychoth\u00e9rapie et coaching, elle a pu comprendre leurs origines et construire des actions concr\u00e8tes pour sortir de ces dynamiques toxiques.<\/em><\/p>\n\n\n\n<h3 class=\"wp-block-heading\">Les b\u00e9n\u00e9fices concrets d&rsquo;un accompagnement : T\u00e9moignages et r\u00e9sultats<\/h3>\n\n\n\n<p>Les bienfaits d&rsquo;un suivi psychologique ou d&rsquo;un coaching sont multiples :<\/p>\n\n\n\n<ul class=\"wp-block-list\">\n<li>Une <strong>r\u00e9duction notable du stress<\/strong>, confirm\u00e9e par des \u00e9tudes montrant que les th\u00e9rapies cognitives et comportementales amoindrissent l&rsquo;anxi\u00e9t\u00e9 de <strong>30 \u00e0 50 % en moyenne<\/strong> (source : American Psychological Association).<\/li>\n\n\n\n<li>Une meilleure <strong>gestion des conflits<\/strong> et une communication plus apais\u00e9e avec ses coll\u00e8gues ou sup\u00e9rieurs.<\/li>\n\n\n\n<li>Un r\u00e9\u00e9quilibrage entre vie personnelle et professionnelle, contribuant \u00e0 une meilleure qualit\u00e9 de vie globale.<\/li>\n\n\n\n<li>Une <strong>prise de recul<\/strong> ouvrant la voie \u00e0 de nouvelles perspectives : r\u00e9orientation professionnelle, mont\u00e9e en comp\u00e9tences, ou r\u00e9engagement dans son poste actuel.<\/li>\n<\/ul>\n\n\n\n<p>Par exemple :<\/p>\n\n\n\n<ul class=\"wp-block-list\">\n<li><strong>M.<\/strong> a appris \u00e0 comprendre l&rsquo;origine de son besoin de reconnaissance. Cette prise de conscience lui a permis de mieux g\u00e9rer les remarques de sa sup\u00e9rieure et de d\u00e9samorcer les conflits.<\/li>\n\n\n\n<li><strong>X.<\/strong>, tr\u00e8s perfectionniste, souffrait d&rsquo;une anxi\u00e9t\u00e9 paralysante. En travaillant sur ses croyances limitantes et en adoptant des outils concrets, elle a transform\u00e9 son stress en une force mobilisatrice.<\/li>\n\n\n\n<li><strong>F.<\/strong>, en perte de sens dans son travail, a pu reconstruire un projet de reconversion align\u00e9 avec ses valeurs, retrouvant ainsi motivation et s\u00e9r\u00e9nit\u00e9.<\/li>\n<\/ul>\n\n\n\n<h3 class=\"wp-block-heading\">Les objections fr\u00e9quentes : \u00ab Pas le temps, trop cher\u2026 \u00bb<\/h3>\n\n\n\n<p>Malgr\u00e9 les b\u00e9n\u00e9fices \u00e9vidents, certaines objections reviennent souvent :<\/p>\n\n\n\n<ul class=\"wp-block-list\">\n<li><strong>\u00ab\u00a0Je n&rsquo;ai pas le temps.\u00a0\u00bb<\/strong><br>Le temps manque \u00e0 tous, surtout en situation de surcharge mentale. Mais combien de temps est perdu \u00e0 stresser, ruminer ou procrastiner ? Investir une heure dans une s\u00e9ance, c&rsquo;est gagner des semaines de s\u00e9r\u00e9nit\u00e9. (Spoiler alert: nos prestations s&rsquo;effectuent \u00e0 distance, plus d&rsquo;excuses et du temps de gagn\u00e9.)<\/li>\n\n\n\n<li><strong>\u00ab\u00a0C&rsquo;est trop cher.\u00a0\u00bb<\/strong><br>Ignorer la souffrance peut co\u00fbter bien plus : arr\u00eats maladie, perte de revenus, consultations m\u00e9dicales, tensions familiales. Un accompagnement est un investissement pour votre sant\u00e9 et votre avenir.<\/li>\n\n\n\n<li><strong>\u00ab Et si \u00e7a ne changeait rien ?<\/strong><br>Cette peur refl\u00e8te souvent les \u00ab\u00a0saboteurs int\u00e9rieurs\u00a0\u00bb qui nous retiennent dans l&rsquo;inertie. Chaque pas, m\u00eame petit, est une avanc\u00e9e vers le mieux-\u00eatre.<\/li>\n<\/ul>\n\n\n\n<h3 class=\"wp-block-heading\">Conclusion : Faites le premier pas<\/h3>\n\n\n\n<p>La souffrance au travail n&rsquo;est pas une fatalit\u00e9. Elle peut \u00eatre le point de d\u00e9part d&rsquo;un nouveau chapitre align\u00e9 avec vos besoins et vos valeurs. Faire le premier pas, c&rsquo;est accepter que vous m\u00e9ritez d&rsquo;aller mieux et que des solutions existent.<\/p>\n\n\n\n<p>Le <strong><a href=\"https:\/\/share.hsforms.com\/1NZRXIhhzQ_qp9qJSd3KPLAt0uwq\">Cabinet RENAI\u2019Sens<\/a><\/strong> est l\u00e0 pour vous accompagner avec bienveillance et expertise. Prenez contact avec nous pour discuter de votre situation et d\u00e9couvrir comment nous pouvons vous aider \u00e0 retrouver votre \u00e9quilibre.<\/p>\n\n\n\n<hr class=\"wp-block-separator has-alpha-channel-opacity\"\/>\n\n\n\n<h3 class=\"wp-block-heading\">Sources:<\/h3>\n\n\n\n<ol class=\"wp-block-list\">\n<li><strong>OMS<\/strong> &#8211; Rapport sur le stress au travail en Europe (2021).<\/li>\n\n\n\n<li><strong>American Psychological Association<\/strong> &#8211; Impact des th\u00e9rapies comportementales sur l&rsquo;anxi\u00e9t\u00e9 (2020).<\/li>\n\n\n\n<li><strong>Sant\u00e9 Publique France<\/strong> &#8211; \u00c9tude sur les arr\u00eats de travail li\u00e9s \u00e0 la sant\u00e9 mentale (2022).<\/li>\n<\/ol>\n\n\n\n<div class=\"wp-block-buttons is-content-justification-center is-layout-flex wp-container-core-buttons-is-layout-16018d1d wp-block-buttons-is-layout-flex\">\n<div class=\"wp-block-button\"><a class=\"wp-block-button__link has-luminous-dusk-gradient-background has-background wp-element-button\" href=\"https:\/\/cabinet-renaisens.fr\/index.php\/blog\/?customize_changeset_uuid=66ec9fe2-e167-4527-92ad-c94d9049c35f\">D\u00e9couvrez d&rsquo;autres articles<\/a><\/div>\n\n\n\n<div class=\"wp-block-button\"><a class=\"wp-block-button__link has-midnight-gradient-background has-background wp-element-button\" href=\"https:\/\/calendly.com\/contact-cabinet-renaisens\/rdv-decouverte-30-minutes-telephone-ou-visio?month=2025-05\">RDV D\u00e9couverte gratuit<\/a><\/div>\n<\/div>\n\n\n\n<p><\/p>\n","protected":false},"excerpt":{"rendered":"<p>Le tabou de la souffrance au travail La souffrance au travail peut se manifester sous diverses formes : stress chronique, burn-out, conflits interpersonnels, ou perte de sens. D&rsquo;apr\u00e8s l&rsquo;Organisation Mondiale de la Sant\u00e9 (OMS), le stress professionnel est devenu un v\u00e9ritable enjeu de sant\u00e9 publique, touchant pr\u00e8s de 28 % des salari\u00e9s en Europe. Pourtant, [&hellip;]<\/p>\n","protected":false},"author":2,"featured_media":2144,"comment_status":"closed","ping_status":"closed","sticky":false,"template":"","format":"standard","meta":{"content-type":"","om_disable_all_campaigns":false,"_monsterinsights_skip_tracking":false,"_monsterinsights_sitenote_active":false,"_monsterinsights_sitenote_note":"","_monsterinsights_sitenote_category":0,"iawp_total_views":9,"footnotes":""},"categories":[1],"tags":[],"class_list":["post-2141","post","type-post","status-publish","format-standard","has-post-thumbnail","hentry","category-article"],"aioseo_notices":[],"_links":{"self":[{"href":"https:\/\/cabinet-renaisens.fr\/index.php\/wp-json\/wp\/v2\/posts\/2141","targetHints":{"allow":["GET"]}}],"collection":[{"href":"https:\/\/cabinet-renaisens.fr\/index.php\/wp-json\/wp\/v2\/posts"}],"about":[{"href":"https:\/\/cabinet-renaisens.fr\/index.php\/wp-json\/wp\/v2\/types\/post"}],"author":[{"embeddable":true,"href":"https:\/\/cabinet-renaisens.fr\/index.php\/wp-json\/wp\/v2\/users\/2"}],"replies":[{"embeddable":true,"href":"https:\/\/cabinet-renaisens.fr\/index.php\/wp-json\/wp\/v2\/comments?post=2141"}],"version-history":[{"count":0,"href":"https:\/\/cabinet-renaisens.fr\/index.php\/wp-json\/wp\/v2\/posts\/2141\/revisions"}],"wp:featuredmedia":[{"embeddable":true,"href":"https:\/\/cabinet-renaisens.fr\/index.php\/wp-json\/wp\/v2\/media\/2144"}],"wp:attachment":[{"href":"https:\/\/cabinet-renaisens.fr\/index.php\/wp-json\/wp\/v2\/media?parent=2141"}],"wp:term":[{"taxonomy":"category","embeddable":true,"href":"https:\/\/cabinet-renaisens.fr\/index.php\/wp-json\/wp\/v2\/categories?post=2141"},{"taxonomy":"post_tag","embeddable":true,"href":"https:\/\/cabinet-renaisens.fr\/index.php\/wp-json\/wp\/v2\/tags?post=2141"}],"curies":[{"name":"wp","href":"https:\/\/api.w.org\/{rel}","templated":true}]}}