{"id":2122,"date":"2025-01-23T11:43:06","date_gmt":"2025-01-23T10:43:06","guid":{"rendered":"https:\/\/cabinet-renaisens.fr\/?p=2122"},"modified":"2026-01-21T16:48:37","modified_gmt":"2026-01-21T15:48:37","slug":"solitude","status":"publish","type":"post","link":"https:\/\/cabinet-renaisens.fr\/index.php\/2025\/01\/23\/solitude\/","title":{"rendered":"La solitude au travail"},"content":{"rendered":"\n<p>Aujourd&rsquo;hui, 23 janvier, \u00e0 l&rsquo;occasion de la <strong>Journ\u00e9e de la Solitude<\/strong>, il est important de prendre un moment pour r\u00e9fl\u00e9chir \u00e0 ce sentiment qui touche, plus qu&rsquo;on ne le pense, de nombreux travailleurs.<\/p>\n\n\n\n<p>La solitude au travail, qu&rsquo;elle soit v\u00e9cue dans un open space, en t\u00e9l\u00e9travail, ou m\u00eame au sein d&rsquo;une \u00e9quipe, est un ph\u00e9nom\u00e8ne bien r\u00e9el. Selon une \u00e9tude de <strong>l\u2019Organisation mondiale de la Sant\u00e9 (OMS)<\/strong>, <strong>le stress li\u00e9 \u00e0 l\u2019isolement social au travail touche pr\u00e8s de 60% des employ\u00e9s<\/strong> dans le monde. Un chiffre qui t\u00e9moigne de l&rsquo;ampleur du probl\u00e8me. En France, <strong>25% des travailleurs<\/strong> se sentent r\u00e9guli\u00e8rement isol\u00e9s et cela a un impact direct sur leur bien-\u00eatre et leur performance (source : <strong>INRS<\/strong>).<\/p>\n\n\n\n<p>Mais la solitude ne doit pas toujours \u00eatre per\u00e7ue n\u00e9gativement. Elle peut aussi \u00eatre une occasion de se recentrer, de r\u00e9fl\u00e9chir, de prendre du recul. C\u2019est l\u00e0 que la <strong>psychologie positive<\/strong> entre en jeu. Selon le psychologue <strong>Martin Seligman<\/strong>, l\u2019un des pionniers de ce courant, <strong>la cr\u00e9ation de liens authentiques<\/strong> et <strong>l\u2019expression de la gratitude<\/strong> sont des leviers puissants pour transformer un moment de solitude en une opportunit\u00e9 de croissance personnelle et collective.<\/p>\n\n\n\n<p><strong>Voici quelques pistes pour agir :<\/strong><br>\ud83d\udd38 <strong>Cr\u00e9er des espaces d\u2019\u00e9coute<\/strong> : Selon <strong>Daniel Goleman<\/strong>, auteur de \u00ab\u00a0L&rsquo;intelligence \u00e9motionnelle\u00a0\u00bb, une \u00e9coute active et empathique est cruciale pour renforcer les liens dans un groupe. Des moments r\u00e9guliers d&rsquo;\u00e9change, m\u00eame informels, peuvent rompre l&rsquo;isolement.<br>\ud83d\udd38 <strong>Pratiquer la gratitude<\/strong> : Des \u00e9tudes men\u00e9es par <strong>Robert Emmons<\/strong> ont prouv\u00e9 que la pratique r\u00e9guli\u00e8re de la gratitude renforce non seulement la satisfaction au travail, mais \u00e9galement la coh\u00e9sion d\u2019\u00e9quipe.<br>\ud83d\udd38 <strong>Favoriser des rituels collectifs<\/strong> : Des recherches de <strong>Gallup<\/strong> montrent qu\u2019une \u00e9quipe qui prend le temps de se connecter de mani\u00e8re r\u00e9guli\u00e8re, m\u00eame pour une courte p\u00e9riode, voit une augmentation de <strong>20% de la productivit\u00e9<\/strong>.<br>\ud83d\udd38 <strong>Encourager l\u2019autonomie avec soutien<\/strong> : D\u2019apr\u00e8s une \u00e9tude d&rsquo;A<strong>my Edmondson<\/strong>, professeure \u00e0 la Harvard Business School, offrir de l\u2019autonomie tout en maintenant un soutien constant cr\u00e9e un environnement propice \u00e0 l\u2019innovation et \u00e0 la collaboration.<\/p>\n\n\n\n<p><strong>Et vous, quelles petites actions pouvez-vous mettre en place pour briser la solitude au travail ?<\/strong><\/p>\n\n\n\n<p>Parce qu\u2019\u00e0 travers ces petits gestes, on transforme la solitude en un moment de connexion, et cela devient un v\u00e9ritable levier pour am\u00e9liorer la qualit\u00e9 de vie au travail. \ud83c\udf1f<\/p>\n\n\n\n<p>#Journ\u00e9eDeLaSolitude #PsychologiePositive #QVT #BienEtreAuTravail #Solitude #TravailEtBienEtre #Reconnexion<\/p>\n\n\n\n<hr class=\"wp-block-separator has-alpha-channel-opacity\"\/>\n\n\n\n<h3 class=\"wp-block-heading\">Sources :<\/h3>\n\n\n\n<ul class=\"wp-block-list\">\n<li><strong>OMS<\/strong> (2020), Stress et sant\u00e9 mentale au travail : <a href=\"https:\/\/www.who.int\">https:\/\/www.who.int<\/a><\/li>\n\n\n\n<li><strong>INRS<\/strong> (2021), Rapport sur l&rsquo;isolement social au travail : <a href=\"https:\/\/www.inrs.fr\">https:\/\/www.inrs.fr<\/a><\/li>\n\n\n\n<li><strong>Martin Seligman<\/strong>, <em>Authentic Happiness<\/em> (2002)<\/li>\n\n\n\n<li><strong>Daniel Goleman<\/strong>, <em>L&rsquo;intelligence \u00e9motionnelle<\/em> (1995)<\/li>\n\n\n\n<li><strong>Robert Emmons<\/strong>, <em>Thanks! How the New Science of Gratitude Can Make You Happier<\/em> (2007)<\/li>\n\n\n\n<li><strong>Gallup<\/strong> (2019), Rapport sur l\u2019engagement au travail et la productivit\u00e9 : <a href=\"https:\/\/www.gallup.com\">https:\/\/www.gallup.com<\/a><\/li>\n\n\n\n<li><strong>Amy Edmondson<\/strong>, <em>The Fearless Organization<\/em> (2019)<\/li>\n<\/ul>\n\n\n\n<div class=\"wp-block-buttons is-content-justification-right is-layout-flex wp-container-core-buttons-is-layout-765c4724 wp-block-buttons-is-layout-flex\">\n<div class=\"wp-block-button\"><a class=\"wp-block-button__link has-luminous-dusk-gradient-background has-background wp-element-button\" href=\"https:\/\/cabinet-renaisens.fr\/index.php\/blog\/?customize_changeset_uuid=66ec9fe2-e167-4527-92ad-c94d9049c35f\">D\u00e9couvrez d&rsquo;autres articles<\/a><\/div>\n\n\n\n<div class=\"wp-block-button\"><a class=\"wp-block-button__link wp-element-button\" href=\"https:\/\/calendly.com\/contact-cabinet-renaisens\/rdv-decouverte-30-minutes-telephone-ou-visio?month=2025-05\">RDV d\u00e9couverte gratuit<\/a><\/div>\n<\/div>\n\n\n\n<p><\/p>\n","protected":false},"excerpt":{"rendered":"<p>Aujourd&rsquo;hui, 23 janvier, \u00e0 l&rsquo;occasion de la Journ\u00e9e de la Solitude, il est important de prendre un moment pour r\u00e9fl\u00e9chir \u00e0 ce sentiment qui touche, plus qu&rsquo;on ne le pense, de nombreux travailleurs. La solitude au travail, qu&rsquo;elle soit v\u00e9cue dans un open space, en t\u00e9l\u00e9travail, ou m\u00eame au sein d&rsquo;une \u00e9quipe, est un ph\u00e9nom\u00e8ne [&hellip;]<\/p>\n","protected":false},"author":2,"featured_media":2127,"comment_status":"closed","ping_status":"closed","sticky":false,"template":"","format":"standard","meta":{"content-type":"","om_disable_all_campaigns":false,"_monsterinsights_skip_tracking":false,"_monsterinsights_sitenote_active":false,"_monsterinsights_sitenote_note":"","_monsterinsights_sitenote_category":0,"iawp_total_views":6,"footnotes":""},"categories":[1],"tags":[],"class_list":["post-2122","post","type-post","status-publish","format-standard","has-post-thumbnail","hentry","category-article"],"aioseo_notices":[],"_links":{"self":[{"href":"https:\/\/cabinet-renaisens.fr\/index.php\/wp-json\/wp\/v2\/posts\/2122","targetHints":{"allow":["GET"]}}],"collection":[{"href":"https:\/\/cabinet-renaisens.fr\/index.php\/wp-json\/wp\/v2\/posts"}],"about":[{"href":"https:\/\/cabinet-renaisens.fr\/index.php\/wp-json\/wp\/v2\/types\/post"}],"author":[{"embeddable":true,"href":"https:\/\/cabinet-renaisens.fr\/index.php\/wp-json\/wp\/v2\/users\/2"}],"replies":[{"embeddable":true,"href":"https:\/\/cabinet-renaisens.fr\/index.php\/wp-json\/wp\/v2\/comments?post=2122"}],"version-history":[{"count":0,"href":"https:\/\/cabinet-renaisens.fr\/index.php\/wp-json\/wp\/v2\/posts\/2122\/revisions"}],"wp:featuredmedia":[{"embeddable":true,"href":"https:\/\/cabinet-renaisens.fr\/index.php\/wp-json\/wp\/v2\/media\/2127"}],"wp:attachment":[{"href":"https:\/\/cabinet-renaisens.fr\/index.php\/wp-json\/wp\/v2\/media?parent=2122"}],"wp:term":[{"taxonomy":"category","embeddable":true,"href":"https:\/\/cabinet-renaisens.fr\/index.php\/wp-json\/wp\/v2\/categories?post=2122"},{"taxonomy":"post_tag","embeddable":true,"href":"https:\/\/cabinet-renaisens.fr\/index.php\/wp-json\/wp\/v2\/tags?post=2122"}],"curies":[{"name":"wp","href":"https:\/\/api.w.org\/{rel}","templated":true}]}}